{"id":14066,"date":"2024-06-09T12:13:01","date_gmt":"2024-06-09T12:13:01","guid":{"rendered":"https:\/\/greencardguys.com\/?p=14066"},"modified":"2025-06-12T09:13:21","modified_gmt":"2025-06-12T09:13:21","slug":"nueva-restriccion-fronteriza-de-biden","status":"publish","type":"post","link":"https:\/\/greencardguys.com\/es\/nueva-restriccion-fronteriza-de-biden\/","title":{"rendered":"NUEVA RESTRICCI\u00d3N FRONTERIZA DE BIDEN"},"content":{"rendered":"<div data-elementor-type=\"wp-post\" data-elementor-id=\"14066\" class=\"elementor elementor-14066\" data-elementor-settings=\"{&quot;ha_cmc_init_switcher&quot;:&quot;no&quot;}\" data-elementor-post-type=\"post\">\n\t\t\t\t\t\t<section class=\"elementor-section elementor-top-section elementor-element elementor-element-2820657 elementor-section-boxed elementor-section-height-default elementor-section-height-default\" data-id=\"2820657\" data-element_type=\"section\" data-e-type=\"section\" data-settings=\"{&quot;_ha_eqh_enable&quot;:false}\">\n\t\t\t\t\t\t<div class=\"elementor-container elementor-column-gap-default\">\n\t\t\t\t\t<div class=\"elementor-column elementor-col-100 elementor-top-column elementor-element elementor-element-44714c36\" data-id=\"44714c36\" data-element_type=\"column\" data-e-type=\"column\">\n\t\t\t<div class=\"elementor-widget-wrap\">\n\t\t\t\t\t\t\t<\/div>\n\t\t<\/div>\n\t\t\t\t\t<\/div>\n\t\t<\/section>\n\t\t\t\t<section class=\"elementor-section elementor-top-section elementor-element elementor-element-76406e34 elementor-section-boxed elementor-section-height-default elementor-section-height-default\" data-id=\"76406e34\" data-element_type=\"section\" data-e-type=\"section\" data-settings=\"{&quot;_ha_eqh_enable&quot;:false}\">\n\t\t\t\t\t\t<div class=\"elementor-container elementor-column-gap-default\">\n\t\t\t\t\t<div class=\"elementor-column elementor-col-100 elementor-top-column elementor-element elementor-element-25a41613\" data-id=\"25a41613\" data-element_type=\"column\" data-e-type=\"column\">\n\t\t\t<div class=\"elementor-widget-wrap elementor-element-populated\">\n\t\t\t\t\t\t<div class=\"elementor-element elementor-element-340d45d6 elementor-widget elementor-widget-heading\" data-id=\"340d45d6\" data-element_type=\"widget\" data-e-type=\"widget\" data-widget_type=\"heading.default\">\n\t\t\t\t<div class=\"elementor-widget-container\">\n\t\t\t\t\t<h1 class=\"elementor-heading-title elementor-size-default\">NUEVA RESTRICCI\u00d3N FRONTERIZA DE BIDEN<\/h1>\t\t\t\t<\/div>\n\t\t\t\t<\/div>\n\t\t\t\t<section class=\"elementor-section elementor-inner-section elementor-element elementor-element-d854d75 elementor-reverse-mobile elementor-section-boxed elementor-section-height-default elementor-section-height-default\" data-id=\"d854d75\" data-element_type=\"section\" data-e-type=\"section\" data-settings=\"{&quot;_ha_eqh_enable&quot;:false}\">\n\t\t\t\t\t\t<div class=\"elementor-container elementor-column-gap-default\">\n\t\t\t\t\t<div class=\"elementor-column elementor-col-100 elementor-inner-column elementor-element elementor-element-bc2a8f8\" data-id=\"bc2a8f8\" data-element_type=\"column\" data-e-type=\"column\">\n\t\t\t<div class=\"elementor-widget-wrap elementor-element-populated\">\n\t\t\t\t\t\t<div class=\"elementor-element elementor-element-ee5adf1 elementor-widget elementor-widget-text-editor\" data-id=\"ee5adf1\" data-element_type=\"widget\" data-e-type=\"widget\" data-widget_type=\"text-editor.default\">\n\t\t\t\t<div class=\"elementor-widget-container\">\n\t\t\t\t\t\t\t\t\t<p>El 4 de junio de 2024, la Administraci\u00f3n Biden emiti\u00f3 una Proclamaci\u00f3n Presidencial de aplicaci\u00f3n inmediata en la frontera, por la que se establecen medidas hist\u00f3ricamente restrictivas que prohibir\u00e1n el acceso al asilo a la mayor\u00eda de las personas que entren en Estados Unidos entre los puertos de entrada de la frontera sur. La nueva pol\u00edtica prohibir\u00e1 el acceso al asilo a la mayor\u00eda de las personas que lleguen entre puertos de entrada cuando el n\u00famero de aprehensiones alcance un determinado nivel. Impone incertidumbres y obst\u00e1culos adicionales al asilo, que se suman a las pol\u00edticas restrictivas ya existentes. Los funcionarios de fronteras ya no preguntar\u00e1n a los migrantes que lleguen si temen regresar a su pa\u00eds, lo que significa que muchas personas ser\u00e1n deportadas r\u00e1pidamente a pesar de su temor. Aquellos que se determine que han expresado miedo se enfrentar\u00e1n a nuevas normas m\u00e1s estrictas para acceder a estas protecciones limitadas que est\u00e1n muy lejos del asilo, y no proporcionan una v\u00eda para la residencia legal o la posibilidad de reunirse con miembros de la familia. La administraci\u00f3n Biden alega como base jur\u00eddica de esta nueva norma la secci\u00f3n 212(f) de la Ley de Inmigraci\u00f3n y Nacionalidad (INA), la misma disposici\u00f3n utilizada por el ex presidente Trump para promulgar las prohibiciones de entrada a musulmanes y africanos y una prohibici\u00f3n de asilo bastante similar a esta que fue declarada ilegal por los tribunales federales. Para sus noticias semanales de inmigraci\u00f3n de GreenCardGuys, haga clic para seguir nuestro canal.<\/p>\t\t\t\t\t\t\t\t<\/div>\n\t\t\t\t<\/div>\n\t\t\t\t\t<\/div>\n\t\t<\/div>\n\t\t\t\t\t<\/div>\n\t\t<\/section>\n\t\t\t\t<div class=\"elementor-element elementor-element-fd788f9 elementor-widget elementor-widget-spacer\" data-id=\"fd788f9\" data-element_type=\"widget\" data-e-type=\"widget\" data-widget_type=\"spacer.default\">\n\t\t\t\t<div class=\"elementor-widget-container\">\n\t\t\t\t\t\t\t<div class=\"elementor-spacer\">\n\t\t\t<div class=\"elementor-spacer-inner\"><\/div>\n\t\t<\/div>\n\t\t\t\t\t\t<\/div>\n\t\t\t\t<\/div>\n\t\t\t\t\t<\/div>\n\t\t<\/div>\n\t\t\t\t\t<\/div>\n\t\t<\/section>\n\t\t\t\t<\/div>","protected":false},"excerpt":{"rendered":"<p>NEW BORDER RESTRICTION BY BIDEN On June 4, 2024, the Biden Administration issued a Presidential Proclamation with immediate implementation on the border, putting historically restrictive measures in place that will bar access to asylum for most people who enter the United States between ports of entry at the southern border. The new policy will bar [&hellip;]<\/p>\n","protected":false},"author":7,"featured_media":0,"comment_status":"closed","ping_status":"closed","sticky":false,"template":"","format":"standard","meta":{"nf_dc_page":"","footnotes":""},"categories":[1,14],"tags":[16],"class_list":["post-14066","post","type-post","status-publish","format-standard","hentry","category-legal-update","category-news","tag-green-card"],"_links":{"self":[{"href":"https:\/\/greencardguys.com\/es\/wp-json\/wp\/v2\/posts\/14066","targetHints":{"allow":["GET"]}}],"collection":[{"href":"https:\/\/greencardguys.com\/es\/wp-json\/wp\/v2\/posts"}],"about":[{"href":"https:\/\/greencardguys.com\/es\/wp-json\/wp\/v2\/types\/post"}],"author":[{"embeddable":true,"href":"https:\/\/greencardguys.com\/es\/wp-json\/wp\/v2\/users\/7"}],"replies":[{"embeddable":true,"href":"https:\/\/greencardguys.com\/es\/wp-json\/wp\/v2\/comments?post=14066"}],"version-history":[{"count":5,"href":"https:\/\/greencardguys.com\/es\/wp-json\/wp\/v2\/posts\/14066\/revisions"}],"predecessor-version":[{"id":23719,"href":"https:\/\/greencardguys.com\/es\/wp-json\/wp\/v2\/posts\/14066\/revisions\/23719"}],"wp:attachment":[{"href":"https:\/\/greencardguys.com\/es\/wp-json\/wp\/v2\/media?parent=14066"}],"wp:term":[{"taxonomy":"category","embeddable":true,"href":"https:\/\/greencardguys.com\/es\/wp-json\/wp\/v2\/categories?post=14066"},{"taxonomy":"post_tag","embeddable":true,"href":"https:\/\/greencardguys.com\/es\/wp-json\/wp\/v2\/tags?post=14066"}],"curies":[{"name":"wp","href":"https:\/\/api.w.org\/{rel}","templated":true}]}}