{"id":14175,"date":"2024-06-23T02:04:51","date_gmt":"2024-06-23T02:04:51","guid":{"rendered":"https:\/\/greencardguys.com\/?p=14175"},"modified":"2025-06-12T08:07:28","modified_gmt":"2025-06-12T08:07:28","slug":"biden-medidas-de-inmigracion-familias-con-estatuto-mixto","status":"publish","type":"post","link":"https:\/\/greencardguys.com\/es\/biden-medidas-de-inmigracion-familias-con-estatuto-mixto\/","title":{"rendered":"Medidas de inmigraci\u00f3n de Biden: Explicaci\u00f3n de la ayuda a las familias de estatus mixto"},"content":{"rendered":"<div data-elementor-type=\"wp-post\" data-elementor-id=\"14175\" class=\"elementor elementor-14175\" data-elementor-settings=\"{&quot;ha_cmc_init_switcher&quot;:&quot;no&quot;}\" data-elementor-post-type=\"post\">\n\t\t\t\t\t\t<section class=\"elementor-section elementor-top-section elementor-element elementor-element-2820657 elementor-section-boxed elementor-section-height-default elementor-section-height-default\" data-id=\"2820657\" data-element_type=\"section\" data-e-type=\"section\" data-settings=\"{&quot;_ha_eqh_enable&quot;:false}\">\n\t\t\t\t\t\t<div class=\"elementor-container elementor-column-gap-default\">\n\t\t\t\t\t<div class=\"elementor-column elementor-col-100 elementor-top-column elementor-element elementor-element-44714c36\" data-id=\"44714c36\" data-element_type=\"column\" data-e-type=\"column\">\n\t\t\t<div class=\"elementor-widget-wrap\">\n\t\t\t\t\t\t\t<\/div>\n\t\t<\/div>\n\t\t\t\t\t<\/div>\n\t\t<\/section>\n\t\t\t\t<section class=\"elementor-section elementor-top-section elementor-element elementor-element-76406e34 elementor-section-boxed elementor-section-height-default elementor-section-height-default\" data-id=\"76406e34\" data-element_type=\"section\" data-e-type=\"section\" data-settings=\"{&quot;_ha_eqh_enable&quot;:false}\">\n\t\t\t\t\t\t<div class=\"elementor-container elementor-column-gap-default\">\n\t\t\t\t\t<div class=\"elementor-column elementor-col-100 elementor-top-column elementor-element elementor-element-25a41613\" data-id=\"25a41613\" data-element_type=\"column\" data-e-type=\"column\">\n\t\t\t<div class=\"elementor-widget-wrap elementor-element-populated\">\n\t\t\t\t\t\t<div class=\"elementor-element elementor-element-340d45d6 elementor-widget elementor-widget-heading\" data-id=\"340d45d6\" data-element_type=\"widget\" data-e-type=\"widget\" data-widget_type=\"heading.default\">\n\t\t\t\t<div class=\"elementor-widget-container\">\n\t\t\t\t\t<h2 class=\"elementor-heading-title elementor-size-default\">Medidas de inmigraci\u00f3n de Biden: Explicaci\u00f3n de la ayuda a las familias de estatus mixto<\/h2>\t\t\t\t<\/div>\n\t\t\t\t<\/div>\n\t\t\t\t<section class=\"elementor-section elementor-inner-section elementor-element elementor-element-d854d75 elementor-reverse-mobile elementor-section-boxed elementor-section-height-default elementor-section-height-default\" data-id=\"d854d75\" data-element_type=\"section\" data-e-type=\"section\" data-settings=\"{&quot;_ha_eqh_enable&quot;:false}\">\n\t\t\t\t\t\t<div class=\"elementor-container elementor-column-gap-default\">\n\t\t\t\t\t<div class=\"elementor-column elementor-col-100 elementor-inner-column elementor-element elementor-element-bc2a8f8\" data-id=\"bc2a8f8\" data-element_type=\"column\" data-e-type=\"column\">\n\t\t\t<div class=\"elementor-widget-wrap elementor-element-populated\">\n\t\t\t\t\t\t<div class=\"elementor-element elementor-element-ee5adf1 elementor-widget elementor-widget-text-editor\" data-id=\"ee5adf1\" data-element_type=\"widget\" data-e-type=\"widget\" data-widget_type=\"text-editor.default\">\n\t\t\t\t<div class=\"elementor-widget-container\">\n\t\t\t\t\t\t\t\t\t<p>Biden anunci\u00f3 una acci\u00f3n ejecutiva para proteger de la deportaci\u00f3n a cerca de medio mill\u00f3n de c\u00f3nyuges indocumentados de ciudadanos estadounidenses. Biden anunci\u00f3 que, cuando se promulgue el plan, los c\u00f3nyuges de ciudadanos estadounidenses indocumentados que lleven en EE.UU. al menos 10 a\u00f1os a partir del 17 de junio de 2024 podr\u00e1n solicitar la residencia legal permanente. En un cambio importante respecto a la pr\u00e1ctica actual,<strong>\u00a0<\/strong>spouses without legal status will be able to apply from the U.S. and not be required to go back to their native countries, which has resulted in long-term separations. Biden also announced plans to make it easier for some immigrants who are college graduates, including those in the Deferred Action for Childhood Arrivals, or DACA, program to get work visas.America First Legal, a group started by Miller, said it would challenge Biden&#8217;s announced policies as well. Mexico President Andr\u00e9s Manuel Lopez Obrador praised Biden&#8217;s immigration plan along with other immigration policies.<\/p>\t\t\t\t\t\t\t\t<\/div>\n\t\t\t\t<\/div>\n\t\t\t\t\t<\/div>\n\t\t<\/div>\n\t\t\t\t\t<\/div>\n\t\t<\/section>\n\t\t\t\t<div class=\"elementor-element elementor-element-fd788f9 elementor-widget elementor-widget-spacer\" data-id=\"fd788f9\" data-element_type=\"widget\" data-e-type=\"widget\" data-widget_type=\"spacer.default\">\n\t\t\t\t<div class=\"elementor-widget-container\">\n\t\t\t\t\t\t\t<div class=\"elementor-spacer\">\n\t\t\t<div class=\"elementor-spacer-inner\"><\/div>\n\t\t<\/div>\n\t\t\t\t\t\t<\/div>\n\t\t\t\t<\/div>\n\t\t\t\t\t<\/div>\n\t\t<\/div>\n\t\t\t\t\t<\/div>\n\t\t<\/section>\n\t\t\t\t<\/div>","protected":false},"excerpt":{"rendered":"<p>Biden&#8217;s Immigration Action: Relief for Mixed-Status Families Explained Biden announced an executive action to protect about half a million undocumented spouses of American citizens from deportation. Biden announced that when the plan is enacted, spouses of U.S. citizens who are undocumented and have been in the U.S. at least 10 years as of June 17, [&hellip;]<\/p>\n","protected":false},"author":7,"featured_media":0,"comment_status":"closed","ping_status":"closed","sticky":false,"template":"","format":"standard","meta":{"nf_dc_page":"","footnotes":""},"categories":[1,14],"tags":[16],"class_list":["post-14175","post","type-post","status-publish","format-standard","hentry","category-legal-update","category-news","tag-green-card"],"_links":{"self":[{"href":"https:\/\/greencardguys.com\/es\/wp-json\/wp\/v2\/posts\/14175","targetHints":{"allow":["GET"]}}],"collection":[{"href":"https:\/\/greencardguys.com\/es\/wp-json\/wp\/v2\/posts"}],"about":[{"href":"https:\/\/greencardguys.com\/es\/wp-json\/wp\/v2\/types\/post"}],"author":[{"embeddable":true,"href":"https:\/\/greencardguys.com\/es\/wp-json\/wp\/v2\/users\/7"}],"replies":[{"embeddable":true,"href":"https:\/\/greencardguys.com\/es\/wp-json\/wp\/v2\/comments?post=14175"}],"version-history":[{"count":5,"href":"https:\/\/greencardguys.com\/es\/wp-json\/wp\/v2\/posts\/14175\/revisions"}],"predecessor-version":[{"id":23528,"href":"https:\/\/greencardguys.com\/es\/wp-json\/wp\/v2\/posts\/14175\/revisions\/23528"}],"wp:attachment":[{"href":"https:\/\/greencardguys.com\/es\/wp-json\/wp\/v2\/media?parent=14175"}],"wp:term":[{"taxonomy":"category","embeddable":true,"href":"https:\/\/greencardguys.com\/es\/wp-json\/wp\/v2\/categories?post=14175"},{"taxonomy":"post_tag","embeddable":true,"href":"https:\/\/greencardguys.com\/es\/wp-json\/wp\/v2\/tags?post=14175"}],"curies":[{"name":"wp","href":"https:\/\/api.w.org\/{rel}","templated":true}]}}