{"id":15401,"date":"2024-07-20T09:43:04","date_gmt":"2024-07-20T09:43:04","guid":{"rendered":"https:\/\/greencardguys.com\/?p=15401"},"modified":"2025-06-13T09:34:56","modified_gmt":"2025-06-13T09:34:56","slug":"los-cruces-de-inmigrantes-caen-en-picado-biden-crackdown","status":"publish","type":"post","link":"https:\/\/greencardguys.com\/es\/los-cruces-de-inmigrantes-caen-en-picado-biden-crackdown\/","title":{"rendered":"Los cruces de migrantes caen en picado y se acercan al nivel para levantar la represi\u00f3n de Biden"},"content":{"rendered":"<div data-elementor-type=\"wp-post\" data-elementor-id=\"15401\" class=\"elementor elementor-15401\" data-elementor-settings=\"{&quot;ha_cmc_init_switcher&quot;:&quot;no&quot;}\" data-elementor-post-type=\"post\">\n\t\t\t\t\t\t<section class=\"elementor-section elementor-top-section elementor-element elementor-element-2820657 elementor-section-boxed elementor-section-height-default elementor-section-height-default\" data-id=\"2820657\" data-element_type=\"section\" data-e-type=\"section\" data-settings=\"{&quot;_ha_eqh_enable&quot;:false}\">\n\t\t\t\t\t\t<div class=\"elementor-container elementor-column-gap-default\">\n\t\t\t\t\t<div class=\"elementor-column elementor-col-100 elementor-top-column elementor-element elementor-element-44714c36\" data-id=\"44714c36\" data-element_type=\"column\" data-e-type=\"column\">\n\t\t\t<div class=\"elementor-widget-wrap\">\n\t\t\t\t\t\t\t<\/div>\n\t\t<\/div>\n\t\t\t\t\t<\/div>\n\t\t<\/section>\n\t\t\t\t<section class=\"elementor-section elementor-top-section elementor-element elementor-element-76406e34 elementor-section-boxed elementor-section-height-default elementor-section-height-default\" data-id=\"76406e34\" data-element_type=\"section\" data-e-type=\"section\" data-settings=\"{&quot;_ha_eqh_enable&quot;:false}\">\n\t\t\t\t\t\t<div class=\"elementor-container elementor-column-gap-default\">\n\t\t\t\t\t<div class=\"elementor-column elementor-col-100 elementor-top-column elementor-element elementor-element-25a41613\" data-id=\"25a41613\" data-element_type=\"column\" data-e-type=\"column\">\n\t\t\t<div class=\"elementor-widget-wrap elementor-element-populated\">\n\t\t\t\t\t\t<div class=\"elementor-element elementor-element-340d45d6 elementor-widget elementor-widget-heading\" data-id=\"340d45d6\" data-element_type=\"widget\" data-e-type=\"widget\" data-widget_type=\"heading.default\">\n\t\t\t\t<div class=\"elementor-widget-container\">\n\t\t\t\t\t<h2 class=\"elementor-heading-title elementor-size-default\">Los cruces de migrantes caen en picado y se acercan al nivel para levantar la represi\u00f3n de Biden<\/h2>\t\t\t\t<\/div>\n\t\t\t\t<\/div>\n\t\t\t\t<section class=\"elementor-section elementor-inner-section elementor-element elementor-element-d854d75 elementor-reverse-mobile elementor-section-boxed elementor-section-height-default elementor-section-height-default\" data-id=\"d854d75\" data-element_type=\"section\" data-e-type=\"section\" data-settings=\"{&quot;_ha_eqh_enable&quot;:false}\">\n\t\t\t\t\t\t<div class=\"elementor-container elementor-column-gap-default\">\n\t\t\t\t\t<div class=\"elementor-column elementor-col-100 elementor-inner-column elementor-element elementor-element-bc2a8f8\" data-id=\"bc2a8f8\" data-element_type=\"column\" data-e-type=\"column\">\n\t\t\t<div class=\"elementor-widget-wrap elementor-element-populated\">\n\t\t\t\t\t\t<div class=\"elementor-element elementor-element-ee5adf1 elementor-widget elementor-widget-text-editor\" data-id=\"ee5adf1\" data-element_type=\"widget\" data-e-type=\"widget\" data-widget_type=\"text-editor.default\">\n\t\t\t\t<div class=\"elementor-widget-container\">\n\t\t\t\t\t\t\t\t\t<p>El n\u00famero de migrantes que cruzan ilegalmente la frontera sur de Estados Unidos ha seguido disminuyendo notablemente en julio, acerc\u00e1ndose a un umbral que requerir\u00eda que los funcionarios levanten una prohibici\u00f3n parcial de solicitudes de asilo promulgada por el presidente Biden, seg\u00fan datos internos del gobierno obtenidos por CBS News. Julio est\u00e1 en camino de ver la quinta ca\u00edda mensual consecutiva en las aprehensiones de migrantes a lo largo de la frontera entre Estados Unidos y M\u00e9xico y el nivel m\u00e1s bajo en la inmigraci\u00f3n ilegal all\u00ed desde el oto\u00f1o de 2020, durante la administraci\u00f3n Trump, muestran las cifras internas del Departamento de Seguridad Nacional. A principios de junio, el presidente Biden invoc\u00f3 una autoridad presidencial de gran alcance para suspender la entrada de la mayor\u00eda de los migrantes que ingresan ilegalmente a Estados Unidos, cerrando efectivamente el acceso al sistema de asilo estadounidense fuera de los puertos de entrada oficiales.<\/p>\t\t\t\t\t\t\t\t<\/div>\n\t\t\t\t<\/div>\n\t\t\t\t\t<\/div>\n\t\t<\/div>\n\t\t\t\t\t<\/div>\n\t\t<\/section>\n\t\t\t\t<div class=\"elementor-element elementor-element-fd788f9 elementor-widget elementor-widget-spacer\" data-id=\"fd788f9\" data-element_type=\"widget\" data-e-type=\"widget\" data-widget_type=\"spacer.default\">\n\t\t\t\t<div class=\"elementor-widget-container\">\n\t\t\t\t\t\t\t<div class=\"elementor-spacer\">\n\t\t\t<div class=\"elementor-spacer-inner\"><\/div>\n\t\t<\/div>\n\t\t\t\t\t\t<\/div>\n\t\t\t\t<\/div>\n\t\t\t\t\t<\/div>\n\t\t<\/div>\n\t\t\t\t\t<\/div>\n\t\t<\/section>\n\t\t\t\t<\/div>","protected":false},"excerpt":{"rendered":"<p>Migrant Crossings Plunge, Approaching Level to Lift Biden&#8217;s Crackdown The number of migrants unlawfully crossing the U.S. southern border has continued to drop markedly in July, nearing a threshold that would require officials to lift a partial ban on asylum claims enacted by President Biden, according to internal government data obtained by CBS News. July [&hellip;]<\/p>\n","protected":false},"author":7,"featured_media":0,"comment_status":"closed","ping_status":"closed","sticky":false,"template":"","format":"standard","meta":{"nf_dc_page":"","footnotes":""},"categories":[1,14],"tags":[16],"class_list":["post-15401","post","type-post","status-publish","format-standard","hentry","category-legal-update","category-news","tag-green-card"],"_links":{"self":[{"href":"https:\/\/greencardguys.com\/es\/wp-json\/wp\/v2\/posts\/15401","targetHints":{"allow":["GET"]}}],"collection":[{"href":"https:\/\/greencardguys.com\/es\/wp-json\/wp\/v2\/posts"}],"about":[{"href":"https:\/\/greencardguys.com\/es\/wp-json\/wp\/v2\/types\/post"}],"author":[{"embeddable":true,"href":"https:\/\/greencardguys.com\/es\/wp-json\/wp\/v2\/users\/7"}],"replies":[{"embeddable":true,"href":"https:\/\/greencardguys.com\/es\/wp-json\/wp\/v2\/comments?post=15401"}],"version-history":[{"count":5,"href":"https:\/\/greencardguys.com\/es\/wp-json\/wp\/v2\/posts\/15401\/revisions"}],"predecessor-version":[{"id":24122,"href":"https:\/\/greencardguys.com\/es\/wp-json\/wp\/v2\/posts\/15401\/revisions\/24122"}],"wp:attachment":[{"href":"https:\/\/greencardguys.com\/es\/wp-json\/wp\/v2\/media?parent=15401"}],"wp:term":[{"taxonomy":"category","embeddable":true,"href":"https:\/\/greencardguys.com\/es\/wp-json\/wp\/v2\/categories?post=15401"},{"taxonomy":"post_tag","embeddable":true,"href":"https:\/\/greencardguys.com\/es\/wp-json\/wp\/v2\/tags?post=15401"}],"curies":[{"name":"wp","href":"https:\/\/api.w.org\/{rel}","templated":true}]}}