{"id":15657,"date":"2024-07-27T06:05:15","date_gmt":"2024-07-27T06:05:15","guid":{"rendered":"https:\/\/greencardguys.com\/?p=15657"},"modified":"2025-06-13T06:33:29","modified_gmt":"2025-06-13T06:33:29","slug":"las-detenciones-de-inmigrantes-siguen-disminuyendo-en-ee-uu","status":"publish","type":"post","link":"https:\/\/greencardguys.com\/es\/las-detenciones-de-inmigrantes-siguen-disminuyendo-en-ee-uu\/","title":{"rendered":"Las detenciones de inmigrantes siguen disminuyendo en EE.UU."},"content":{"rendered":"<div data-elementor-type=\"wp-post\" data-elementor-id=\"15657\" class=\"elementor elementor-15657\" data-elementor-settings=\"{&quot;ha_cmc_init_switcher&quot;:&quot;no&quot;}\" data-elementor-post-type=\"post\">\n\t\t\t\t\t\t<section class=\"elementor-section elementor-top-section elementor-element elementor-element-2820657 elementor-section-boxed elementor-section-height-default elementor-section-height-default\" data-id=\"2820657\" data-element_type=\"section\" data-e-type=\"section\" data-settings=\"{&quot;_ha_eqh_enable&quot;:false}\">\n\t\t\t\t\t\t<div class=\"elementor-container elementor-column-gap-default\">\n\t\t\t\t\t<div class=\"elementor-column elementor-col-100 elementor-top-column elementor-element elementor-element-44714c36\" data-id=\"44714c36\" data-element_type=\"column\" data-e-type=\"column\">\n\t\t\t<div class=\"elementor-widget-wrap\">\n\t\t\t\t\t\t\t<\/div>\n\t\t<\/div>\n\t\t\t\t\t<\/div>\n\t\t<\/section>\n\t\t\t\t<section class=\"elementor-section elementor-top-section elementor-element elementor-element-76406e34 elementor-section-boxed elementor-section-height-default elementor-section-height-default\" data-id=\"76406e34\" data-element_type=\"section\" data-e-type=\"section\" data-settings=\"{&quot;_ha_eqh_enable&quot;:false}\">\n\t\t\t\t\t\t<div class=\"elementor-container elementor-column-gap-default\">\n\t\t\t\t\t<div class=\"elementor-column elementor-col-100 elementor-top-column elementor-element elementor-element-25a41613\" data-id=\"25a41613\" data-element_type=\"column\" data-e-type=\"column\">\n\t\t\t<div class=\"elementor-widget-wrap elementor-element-populated\">\n\t\t\t\t\t\t<div class=\"elementor-element elementor-element-0568826 elementor-widget-mobile__width-initial elementor-widget elementor-widget-heading\" data-id=\"0568826\" data-element_type=\"widget\" data-e-type=\"widget\" data-widget_type=\"heading.default\">\n\t\t\t\t<div class=\"elementor-widget-container\">\n\t\t\t\t\t<h2 class=\"elementor-heading-title elementor-size-default\"><b>Detenciones de inmigrantes<\/b> siguen disminuyendo en EE.UU.<\/h2>\t\t\t\t<\/div>\n\t\t\t\t<\/div>\n\t\t\t\t<section class=\"elementor-section elementor-inner-section elementor-element elementor-element-d854d75 elementor-reverse-mobile elementor-section-boxed elementor-section-height-default elementor-section-height-default\" data-id=\"d854d75\" data-element_type=\"section\" data-e-type=\"section\" data-settings=\"{&quot;_ha_eqh_enable&quot;:false}\">\n\t\t\t\t\t\t<div class=\"elementor-container elementor-column-gap-default\">\n\t\t\t\t\t<div class=\"elementor-column elementor-col-100 elementor-inner-column elementor-element elementor-element-bc2a8f8\" data-id=\"bc2a8f8\" data-element_type=\"column\" data-e-type=\"column\">\n\t\t\t<div class=\"elementor-widget-wrap elementor-element-populated\">\n\t\t\t\t\t\t<div class=\"elementor-element elementor-element-ee5adf1 elementor-widget elementor-widget-text-editor\" data-id=\"ee5adf1\" data-element_type=\"widget\" data-e-type=\"widget\" data-widget_type=\"text-editor.default\">\n\t\t\t\t<div class=\"elementor-widget-container\">\n\t\t\t\t\t\t\t\t\t<p>En junio se realizaron 83.536 aprehensiones, la cifra m\u00e1s baja desde que Biden asumi\u00f3 el cargo. La Patrulla Fronteriza ha realizado menos de 1.800 aprehensiones al d\u00eda durante la \u00faltima semana, un importante descenso tras la aplicaci\u00f3n de nuevas restricciones al asilo que recortan significativamente las protecciones humanitarias para quienes cruzan ilegalmente la frontera. Los encuentros con inmigrantes a lo largo de la frontera sur se han reducido en un 55% desde que entraron en vigor las restricciones hace siete semanas, seg\u00fan los nuevos datos del Departamento de Seguridad Nacional. Funcionarios del DHS atribuyen a un enfoque de doble v\u00eda que equilibra el aumento de las medidas de aplicaci\u00f3n junto con la expansi\u00f3n de nuevas opciones para la migraci\u00f3n legal. Las medidas, anunciadas a principios del mes pasado, pr\u00e1cticamente prohib\u00edan el asilo a quienes cruzaran ilegalmente a Estados Unidos. Mientras tanto, en los puertos de entrada a Estados Unidos, la administraci\u00f3n sigue admitiendo un n\u00famero limitado de inmigrantes preseleccionados para la tramitaci\u00f3n del asilo.<\/p>\t\t\t\t\t\t\t\t<\/div>\n\t\t\t\t<\/div>\n\t\t\t\t\t<\/div>\n\t\t<\/div>\n\t\t\t\t\t<\/div>\n\t\t<\/section>\n\t\t\t\t<div class=\"elementor-element elementor-element-fd788f9 elementor-widget elementor-widget-spacer\" data-id=\"fd788f9\" data-element_type=\"widget\" data-e-type=\"widget\" data-widget_type=\"spacer.default\">\n\t\t\t\t<div class=\"elementor-widget-container\">\n\t\t\t\t\t\t\t<div class=\"elementor-spacer\">\n\t\t\t<div class=\"elementor-spacer-inner\"><\/div>\n\t\t<\/div>\n\t\t\t\t\t\t<\/div>\n\t\t\t\t<\/div>\n\t\t\t\t<div class=\"elementor-element elementor-element-70bf692 elementor-widget elementor-widget-spacer\" data-id=\"70bf692\" data-element_type=\"widget\" data-e-type=\"widget\" data-widget_type=\"spacer.default\">\n\t\t\t\t<div class=\"elementor-widget-container\">\n\t\t\t\t\t\t\t<div class=\"elementor-spacer\">\n\t\t\t<div class=\"elementor-spacer-inner\"><\/div>\n\t\t<\/div>\n\t\t\t\t\t\t<\/div>\n\t\t\t\t<\/div>\n\t\t\t\t\t<\/div>\n\t\t<\/div>\n\t\t\t\t\t<\/div>\n\t\t<\/section>\n\t\t\t\t<\/div>","protected":false},"excerpt":{"rendered":"<p>Migrant apprehensions continue to decline in US 83,536 apprehensions were made in June, the lowest since Biden took office. The Border Patrol has made fewer than 1,800 apprehensions per day over the past week, a major decline following the implementation of new asylum restrictions that significantly cut humanitarian protections for those who cross the border [&hellip;]<\/p>\n","protected":false},"author":7,"featured_media":0,"comment_status":"closed","ping_status":"closed","sticky":false,"template":"","format":"standard","meta":{"nf_dc_page":"","footnotes":""},"categories":[1,14],"tags":[16],"class_list":["post-15657","post","type-post","status-publish","format-standard","hentry","category-legal-update","category-news","tag-green-card"],"_links":{"self":[{"href":"https:\/\/greencardguys.com\/es\/wp-json\/wp\/v2\/posts\/15657","targetHints":{"allow":["GET"]}}],"collection":[{"href":"https:\/\/greencardguys.com\/es\/wp-json\/wp\/v2\/posts"}],"about":[{"href":"https:\/\/greencardguys.com\/es\/wp-json\/wp\/v2\/types\/post"}],"author":[{"embeddable":true,"href":"https:\/\/greencardguys.com\/es\/wp-json\/wp\/v2\/users\/7"}],"replies":[{"embeddable":true,"href":"https:\/\/greencardguys.com\/es\/wp-json\/wp\/v2\/comments?post=15657"}],"version-history":[{"count":1,"href":"https:\/\/greencardguys.com\/es\/wp-json\/wp\/v2\/posts\/15657\/revisions"}],"predecessor-version":[{"id":23916,"href":"https:\/\/greencardguys.com\/es\/wp-json\/wp\/v2\/posts\/15657\/revisions\/23916"}],"wp:attachment":[{"href":"https:\/\/greencardguys.com\/es\/wp-json\/wp\/v2\/media?parent=15657"}],"wp:term":[{"taxonomy":"category","embeddable":true,"href":"https:\/\/greencardguys.com\/es\/wp-json\/wp\/v2\/categories?post=15657"},{"taxonomy":"post_tag","embeddable":true,"href":"https:\/\/greencardguys.com\/es\/wp-json\/wp\/v2\/tags?post=15657"}],"curies":[{"name":"wp","href":"https:\/\/api.w.org\/{rel}","templated":true}]}}