{"id":16293,"date":"2024-08-24T04:28:20","date_gmt":"2024-08-24T04:28:20","guid":{"rendered":"https:\/\/greencardguys.com\/?p=16293"},"modified":"2025-06-12T10:56:07","modified_gmt":"2025-06-12T10:56:07","slug":"menos-inmigrantes-estan-autorizados-a-entrar-en-el-pais-o-estan-siendo-considerados-para-solicitar-asilo-en-virtud-de-la-medida-fronteriza-de-bidens","status":"publish","type":"post","link":"https:\/\/greencardguys.com\/es\/menos-inmigrantes-estan-autorizados-a-entrar-en-el-pais-o-estan-siendo-considerados-para-solicitar-asilo-en-virtud-de-la-medida-fronteriza-de-bidens\/","title":{"rendered":"Con la medida fronteriza de Biden se permite entrar en el pa\u00eds a menos inmigrantes o se estudia su solicitud de asilo."},"content":{"rendered":"<div data-elementor-type=\"wp-post\" data-elementor-id=\"16293\" class=\"elementor elementor-16293\" data-elementor-settings=\"{&quot;ha_cmc_init_switcher&quot;:&quot;no&quot;}\" data-elementor-post-type=\"post\">\n\t\t\t\t\t\t<section class=\"elementor-section elementor-top-section elementor-element elementor-element-2820657 elementor-section-boxed elementor-section-height-default elementor-section-height-default\" data-id=\"2820657\" data-element_type=\"section\" data-e-type=\"section\" data-settings=\"{&quot;_ha_eqh_enable&quot;:false}\">\n\t\t\t\t\t\t<div class=\"elementor-container elementor-column-gap-default\">\n\t\t\t\t\t<div class=\"elementor-column elementor-col-100 elementor-top-column elementor-element elementor-element-44714c36\" data-id=\"44714c36\" data-element_type=\"column\" data-e-type=\"column\">\n\t\t\t<div class=\"elementor-widget-wrap\">\n\t\t\t\t\t\t\t<\/div>\n\t\t<\/div>\n\t\t\t\t\t<\/div>\n\t\t<\/section>\n\t\t\t\t<section class=\"elementor-section elementor-top-section elementor-element elementor-element-76406e34 elementor-section-boxed elementor-section-height-default elementor-section-height-default\" data-id=\"76406e34\" data-element_type=\"section\" data-e-type=\"section\" data-settings=\"{&quot;_ha_eqh_enable&quot;:false}\">\n\t\t\t\t\t\t<div class=\"elementor-container elementor-column-gap-default\">\n\t\t\t\t\t<div class=\"elementor-column elementor-col-100 elementor-top-column elementor-element elementor-element-25a41613\" data-id=\"25a41613\" data-element_type=\"column\" data-e-type=\"column\">\n\t\t\t<div class=\"elementor-widget-wrap elementor-element-populated\">\n\t\t\t\t\t\t<div class=\"elementor-element elementor-element-0568826 elementor-widget-mobile__width-initial elementor-widget elementor-widget-heading\" data-id=\"0568826\" data-element_type=\"widget\" data-e-type=\"widget\" data-widget_type=\"heading.default\">\n\t\t\t\t<div class=\"elementor-widget-container\">\n\t\t\t\t\t<h2 class=\"elementor-heading-title elementor-size-default\"><b>Con la medida fronteriza de Biden se permite entrar en el pa\u00eds a menos inmigrantes o se estudia su solicitud de asilo.<\/b><\/h2>\t\t\t\t<\/div>\n\t\t\t\t<\/div>\n\t\t\t\t<section class=\"elementor-section elementor-inner-section elementor-element elementor-element-d854d75 elementor-reverse-mobile elementor-section-boxed elementor-section-height-default elementor-section-height-default\" data-id=\"d854d75\" data-element_type=\"section\" data-e-type=\"section\" data-settings=\"{&quot;_ha_eqh_enable&quot;:false}\">\n\t\t\t\t\t\t<div class=\"elementor-container elementor-column-gap-default\">\n\t\t\t\t\t<div class=\"elementor-column elementor-col-100 elementor-inner-column elementor-element elementor-element-bc2a8f8\" data-id=\"bc2a8f8\" data-element_type=\"column\" data-e-type=\"column\">\n\t\t\t<div class=\"elementor-widget-wrap elementor-element-populated\">\n\t\t\t\t\t\t<div class=\"elementor-element elementor-element-ee5adf1 elementor-widget elementor-widget-text-editor\" data-id=\"ee5adf1\" data-element_type=\"widget\" data-e-type=\"widget\" data-widget_type=\"text-editor.default\">\n\t\t\t\t<div class=\"elementor-widget-container\">\n\t\t\t\t\t\t\t\t\t<p>Seg\u00fan cifras oficiales del gobierno, el n\u00famero de migrantes que han sido liberados en el interior de Estados Unidos o seleccionados para recibir ayuda humanitaria ha disminuido dr\u00e1sticamente como consecuencia de la decisi\u00f3n del presidente Biden de paralizar parcialmente los procedimientos de asilo en la frontera sur. A principios de junio, el Sr. Biden ejerci\u00f3 una amplia autoridad ejecutiva para excluir a la mayor\u00eda de los migrantes del asilo estadounidense, simplificando a los agentes de inmigraci\u00f3n la deportaci\u00f3n de las personas que entran ilegalmente en el pa\u00eds. Lo hizo a la luz de las cifras sin precedentes de cruces ilegales de fronteras en los \u00faltimos a\u00f1os. Tras la publicaci\u00f3n de la directiva del Sr. Biden, se aceler\u00f3 una tendencia ya de por s\u00ed lenta de cruces fronterizos de indocumentados durante varios meses. Los registros federales muestran que en julio hubo 56.400 inmigrantes ilegales que cruzaron la frontera sur entre los puntos de entrada autorizados, la cifra m\u00e1s baja en m\u00e1s de cuatro a\u00f1os. Las autoridades estadounidenses tambi\u00e9n han relacionado este descenso significativo con el aumento de las temperaturas estivales y la represi\u00f3n de los inmigrantes que se dirigen al norte por parte de las autoridades mexicanas.<\/p>\t\t\t\t\t\t\t\t<\/div>\n\t\t\t\t<\/div>\n\t\t\t\t\t<\/div>\n\t\t<\/div>\n\t\t\t\t\t<\/div>\n\t\t<\/section>\n\t\t\t\t<div class=\"elementor-element elementor-element-fd788f9 elementor-widget elementor-widget-spacer\" data-id=\"fd788f9\" data-element_type=\"widget\" data-e-type=\"widget\" data-widget_type=\"spacer.default\">\n\t\t\t\t<div class=\"elementor-widget-container\">\n\t\t\t\t\t\t\t<div class=\"elementor-spacer\">\n\t\t\t<div class=\"elementor-spacer-inner\"><\/div>\n\t\t<\/div>\n\t\t\t\t\t\t<\/div>\n\t\t\t\t<\/div>\n\t\t\t\t<div class=\"elementor-element elementor-element-70bf692 elementor-widget elementor-widget-spacer\" data-id=\"70bf692\" data-element_type=\"widget\" data-e-type=\"widget\" data-widget_type=\"spacer.default\">\n\t\t\t\t<div class=\"elementor-widget-container\">\n\t\t\t\t\t\t\t<div class=\"elementor-spacer\">\n\t\t\t<div class=\"elementor-spacer-inner\"><\/div>\n\t\t<\/div>\n\t\t\t\t\t\t<\/div>\n\t\t\t\t<\/div>\n\t\t\t\t\t<\/div>\n\t\t<\/div>\n\t\t\t\t\t<\/div>\n\t\t<\/section>\n\t\t\t\t<\/div>","protected":false},"excerpt":{"rendered":"<p>Fewer migrants are allowed to enter the country or are being considered for asylum under Biden&#8217;s border move. According to official government figures, the number of migrants who have been released into the U.S. interior or screened for humanitarian assistance has drastically decreased as a result of President Biden&#8217;s decision to partially pause asylum proceedings [&hellip;]<\/p>\n","protected":false},"author":7,"featured_media":0,"comment_status":"closed","ping_status":"closed","sticky":false,"template":"","format":"standard","meta":{"nf_dc_page":"","footnotes":""},"categories":[1,14],"tags":[16],"class_list":["post-16293","post","type-post","status-publish","format-standard","hentry","category-legal-update","category-news","tag-green-card"],"_links":{"self":[{"href":"https:\/\/greencardguys.com\/es\/wp-json\/wp\/v2\/posts\/16293","targetHints":{"allow":["GET"]}}],"collection":[{"href":"https:\/\/greencardguys.com\/es\/wp-json\/wp\/v2\/posts"}],"about":[{"href":"https:\/\/greencardguys.com\/es\/wp-json\/wp\/v2\/types\/post"}],"author":[{"embeddable":true,"href":"https:\/\/greencardguys.com\/es\/wp-json\/wp\/v2\/users\/7"}],"replies":[{"embeddable":true,"href":"https:\/\/greencardguys.com\/es\/wp-json\/wp\/v2\/comments?post=16293"}],"version-history":[{"count":1,"href":"https:\/\/greencardguys.com\/es\/wp-json\/wp\/v2\/posts\/16293\/revisions"}],"predecessor-version":[{"id":23694,"href":"https:\/\/greencardguys.com\/es\/wp-json\/wp\/v2\/posts\/16293\/revisions\/23694"}],"wp:attachment":[{"href":"https:\/\/greencardguys.com\/es\/wp-json\/wp\/v2\/media?parent=16293"}],"wp:term":[{"taxonomy":"category","embeddable":true,"href":"https:\/\/greencardguys.com\/es\/wp-json\/wp\/v2\/categories?post=16293"},{"taxonomy":"post_tag","embeddable":true,"href":"https:\/\/greencardguys.com\/es\/wp-json\/wp\/v2\/tags?post=16293"}],"curies":[{"name":"wp","href":"https:\/\/api.w.org\/{rel}","templated":true}]}}