{"id":16320,"date":"2024-09-01T03:07:07","date_gmt":"2024-09-01T03:07:07","guid":{"rendered":"https:\/\/greencardguys.com\/?p=16320"},"modified":"2025-06-13T07:17:14","modified_gmt":"2025-06-13T07:17:14","slug":"la-administracion-biden-podria-reiniciar-en-breve-un-programa-clave-de-inmigracion-para-cubanos-haitianos-nicaraguenses-y-venezolanos","status":"publish","type":"post","link":"https:\/\/greencardguys.com\/es\/la-administracion-biden-podria-reiniciar-en-breve-un-programa-clave-de-inmigracion-para-cubanos-haitianos-nicaraguenses-y-venezolanos\/","title":{"rendered":"El gobierno de Biden podr\u00eda reiniciar en breve un programa clave de inmigraci\u00f3n para cubanos, haitianos, nicarag\u00fcenses y venezolanos"},"content":{"rendered":"<div data-elementor-type=\"wp-post\" data-elementor-id=\"16320\" class=\"elementor elementor-16320\" data-elementor-settings=\"{&quot;ha_cmc_init_switcher&quot;:&quot;no&quot;}\" data-elementor-post-type=\"post\">\n\t\t\t\t\t\t<section class=\"elementor-section elementor-top-section elementor-element elementor-element-2820657 elementor-section-boxed elementor-section-height-default elementor-section-height-default\" data-id=\"2820657\" data-element_type=\"section\" data-e-type=\"section\" data-settings=\"{&quot;_ha_eqh_enable&quot;:false}\">\n\t\t\t\t\t\t<div class=\"elementor-container elementor-column-gap-default\">\n\t\t\t\t\t<div class=\"elementor-column elementor-col-100 elementor-top-column elementor-element elementor-element-44714c36\" data-id=\"44714c36\" data-element_type=\"column\" data-e-type=\"column\">\n\t\t\t<div class=\"elementor-widget-wrap\">\n\t\t\t\t\t\t\t<\/div>\n\t\t<\/div>\n\t\t\t\t\t<\/div>\n\t\t<\/section>\n\t\t\t\t<section class=\"elementor-section elementor-top-section elementor-element elementor-element-76406e34 elementor-section-boxed elementor-section-height-default elementor-section-height-default\" data-id=\"76406e34\" data-element_type=\"section\" data-e-type=\"section\" data-settings=\"{&quot;_ha_eqh_enable&quot;:false}\">\n\t\t\t\t\t\t<div class=\"elementor-container elementor-column-gap-default\">\n\t\t\t\t\t<div class=\"elementor-column elementor-col-100 elementor-top-column elementor-element elementor-element-25a41613\" data-id=\"25a41613\" data-element_type=\"column\" data-e-type=\"column\">\n\t\t\t<div class=\"elementor-widget-wrap elementor-element-populated\">\n\t\t\t\t\t\t<div class=\"elementor-element elementor-element-0568826 elementor-widget-mobile__width-initial elementor-widget elementor-widget-heading\" data-id=\"0568826\" data-element_type=\"widget\" data-e-type=\"widget\" data-widget_type=\"heading.default\">\n\t\t\t\t<div class=\"elementor-widget-container\">\n\t\t\t\t\t<h2 class=\"elementor-heading-title elementor-size-default\"><b>El gobierno de Biden podr\u00eda reiniciar en breve un programa clave de inmigraci\u00f3n para cubanos, haitianos, nicarag\u00fcenses y venezolanos<\/b><\/h2>\t\t\t\t<\/div>\n\t\t\t\t<\/div>\n\t\t\t\t<section class=\"elementor-section elementor-inner-section elementor-element elementor-element-d854d75 elementor-reverse-mobile elementor-section-boxed elementor-section-height-default elementor-section-height-default\" data-id=\"d854d75\" data-element_type=\"section\" data-e-type=\"section\" data-settings=\"{&quot;_ha_eqh_enable&quot;:false}\">\n\t\t\t\t\t\t<div class=\"elementor-container elementor-column-gap-default\">\n\t\t\t\t\t<div class=\"elementor-column elementor-col-100 elementor-inner-column elementor-element elementor-element-bc2a8f8\" data-id=\"bc2a8f8\" data-element_type=\"column\" data-e-type=\"column\">\n\t\t\t<div class=\"elementor-widget-wrap elementor-element-populated\">\n\t\t\t\t\t\t<div class=\"elementor-element elementor-element-ee5adf1 elementor-widget elementor-widget-text-editor\" data-id=\"ee5adf1\" data-element_type=\"widget\" data-e-type=\"widget\" data-widget_type=\"text-editor.default\">\n\t\t\t\t<div class=\"elementor-widget-container\">\n\t\t\t\t\t\t\t\t\t<p>Una persona conocedora de la situaci\u00f3n sugiere que la administraci\u00f3n Biden podr\u00eda reanudar pronto un importante programa de inmigraci\u00f3n que qued\u00f3 en suspenso este verano debido a la preocupaci\u00f3n por el fraude. Funcionarios de Seguridad Nacional han reconocido con frecuencia que el programa, que permite a personas de determinadas nacionalidades solicitar la inmigraci\u00f3n legal a Estados Unidos, ha reducido el n\u00famero de cruces fronterizos. Seg\u00fan una fuente al tanto de los preparativos, se prev\u00e9 que el DHS introduzca en un futuro pr\u00f3ximo nuevas condiciones para las solicitudes de apoyo al programa, as\u00ed como mejoras en los procesos de selecci\u00f3n. La fuente tambi\u00e9n declar\u00f3 que la agencia empezar\u00e1 procesando manualmente peque\u00f1os lotes de solicitudes de patrocinadores. En las pr\u00f3ximas semanas y meses, se prev\u00e9 que funcione una versi\u00f3n m\u00e1s amplia de la solicitud.<\/p>\t\t\t\t\t\t\t\t<\/div>\n\t\t\t\t<\/div>\n\t\t\t\t\t<\/div>\n\t\t<\/div>\n\t\t\t\t\t<\/div>\n\t\t<\/section>\n\t\t\t\t<div class=\"elementor-element elementor-element-fd788f9 elementor-widget elementor-widget-spacer\" data-id=\"fd788f9\" data-element_type=\"widget\" data-e-type=\"widget\" data-widget_type=\"spacer.default\">\n\t\t\t\t<div class=\"elementor-widget-container\">\n\t\t\t\t\t\t\t<div class=\"elementor-spacer\">\n\t\t\t<div class=\"elementor-spacer-inner\"><\/div>\n\t\t<\/div>\n\t\t\t\t\t\t<\/div>\n\t\t\t\t<\/div>\n\t\t\t\t<div class=\"elementor-element elementor-element-70bf692 elementor-widget elementor-widget-spacer\" data-id=\"70bf692\" data-element_type=\"widget\" data-e-type=\"widget\" data-widget_type=\"spacer.default\">\n\t\t\t\t<div class=\"elementor-widget-container\">\n\t\t\t\t\t\t\t<div class=\"elementor-spacer\">\n\t\t\t<div class=\"elementor-spacer-inner\"><\/div>\n\t\t<\/div>\n\t\t\t\t\t\t<\/div>\n\t\t\t\t<\/div>\n\t\t\t\t\t<\/div>\n\t\t<\/div>\n\t\t\t\t\t<\/div>\n\t\t<\/section>\n\t\t\t\t<\/div>","protected":false},"excerpt":{"rendered":"<p>Biden administration may soon restart key immigration program for Cubans, Haitians, Nicaraguans and Venezuelans A person with knowledge of the situation suggests that the Biden administration may soon resume a significant immigration program that was put on hold this summer due to worries about fraud. Officials from Homeland Security have frequently acknowledged that the program, [&hellip;]<\/p>\n","protected":false},"author":7,"featured_media":0,"comment_status":"closed","ping_status":"closed","sticky":false,"template":"","format":"standard","meta":{"nf_dc_page":"","footnotes":""},"categories":[1,14],"tags":[16],"class_list":["post-16320","post","type-post","status-publish","format-standard","hentry","category-legal-update","category-news","tag-green-card"],"_links":{"self":[{"href":"https:\/\/greencardguys.com\/es\/wp-json\/wp\/v2\/posts\/16320","targetHints":{"allow":["GET"]}}],"collection":[{"href":"https:\/\/greencardguys.com\/es\/wp-json\/wp\/v2\/posts"}],"about":[{"href":"https:\/\/greencardguys.com\/es\/wp-json\/wp\/v2\/types\/post"}],"author":[{"embeddable":true,"href":"https:\/\/greencardguys.com\/es\/wp-json\/wp\/v2\/users\/7"}],"replies":[{"embeddable":true,"href":"https:\/\/greencardguys.com\/es\/wp-json\/wp\/v2\/comments?post=16320"}],"version-history":[{"count":1,"href":"https:\/\/greencardguys.com\/es\/wp-json\/wp\/v2\/posts\/16320\/revisions"}],"predecessor-version":[{"id":23937,"href":"https:\/\/greencardguys.com\/es\/wp-json\/wp\/v2\/posts\/16320\/revisions\/23937"}],"wp:attachment":[{"href":"https:\/\/greencardguys.com\/es\/wp-json\/wp\/v2\/media?parent=16320"}],"wp:term":[{"taxonomy":"category","embeddable":true,"href":"https:\/\/greencardguys.com\/es\/wp-json\/wp\/v2\/categories?post=16320"},{"taxonomy":"post_tag","embeddable":true,"href":"https:\/\/greencardguys.com\/es\/wp-json\/wp\/v2\/tags?post=16320"}],"curies":[{"name":"wp","href":"https:\/\/api.w.org\/{rel}","templated":true}]}}