{"id":19120,"date":"2024-11-08T15:46:47","date_gmt":"2024-11-08T15:46:47","guid":{"rendered":"https:\/\/greencardguys.com\/?p=19120"},"modified":"2025-08-12T12:01:31","modified_gmt":"2025-08-12T12:01:31","slug":"libertad-condicional-en-su-lugar-juicio-desglose-tyler-texas-noviembre-2024","status":"publish","type":"post","link":"https:\/\/greencardguys.com\/es\/libertad-condicional-en-su-lugar-juicio-desglose-tyler-texas-noviembre-2024\/","title":{"rendered":"Desglose del juicio sobre la libertad condicional en Tyler, Texas"},"content":{"rendered":"<div data-elementor-type=\"wp-post\" data-elementor-id=\"19120\" class=\"elementor elementor-19120\" data-elementor-settings=\"{&quot;ha_cmc_init_switcher&quot;:&quot;no&quot;}\" data-elementor-post-type=\"post\">\n\t\t\t\t\t\t<section class=\"elementor-section elementor-top-section elementor-element elementor-element-2820657 elementor-section-full_width elementor-section-height-default elementor-section-height-default\" data-id=\"2820657\" data-element_type=\"section\" data-e-type=\"section\" data-settings=\"{&quot;_ha_eqh_enable&quot;:false}\">\n\t\t\t\t\t\t<div class=\"elementor-container elementor-column-gap-default\">\n\t\t\t\t\t<div class=\"elementor-column elementor-col-100 elementor-top-column elementor-element elementor-element-44714c36\" data-id=\"44714c36\" data-element_type=\"column\" data-e-type=\"column\">\n\t\t\t<div class=\"elementor-widget-wrap elementor-element-populated\">\n\t\t\t\t\t\t<div class=\"elementor-element elementor-element-81c4fe5 elementor-widget-mobile__width-initial elementor-widget elementor-widget-heading\" data-id=\"81c4fe5\" data-element_type=\"widget\" data-e-type=\"widget\" data-widget_type=\"heading.default\">\n\t\t\t\t<div class=\"elementor-widget-container\">\n\t\t\t\t\t<h1 class=\"elementor-heading-title elementor-size-default\"><b>Desglose del juicio sobre la libertad condicional en Tyler, Texas<\/b><\/h1>\t\t\t\t<\/div>\n\t\t\t\t<\/div>\n\t\t\t\t\t<\/div>\n\t\t<\/div>\n\t\t\t\t\t<\/div>\n\t\t<\/section>\n\t\t<div class=\"elementor-element elementor-element-4369faf e-flex e-con-boxed e-con e-parent\" data-id=\"4369faf\" data-element_type=\"container\" data-e-type=\"container\" data-settings=\"{&quot;_ha_eqh_enable&quot;:false}\">\n\t\t\t\t\t<div class=\"e-con-inner\">\n\t\t<div class=\"elementor-element elementor-element-c0c993c e-flex e-con-boxed e-con e-child\" data-id=\"c0c993c\" data-element_type=\"container\" data-e-type=\"container\" data-settings=\"{&quot;_ha_eqh_enable&quot;:false}\">\n\t\t\t\t\t<div class=\"e-con-inner\">\n\t\t\t\t<div class=\"elementor-element elementor-element-7c1db7a elementor-widget elementor-widget-text-editor\" data-id=\"7c1db7a\" data-element_type=\"widget\" data-e-type=\"widget\" data-widget_type=\"text-editor.default\">\n\t\t\t\t<div class=\"elementor-widget-container\">\n\t\t\t\t\t\t\t\t\t<div class=\"ql-block\" data-block-id=\"block-959c2126-d4ca-41fa-a62a-ccb30cfa559a\">Are you eager to learn more about the ongoing Parole in Place (PIP) lawsuit? My name is John Ting, and I specialize in immigration law, helping individuals secure legal status to live and work in the United States. In this post, I&#8217;ll break down what happened in yesterday\u2019s trial in Tyler, Texas, and what we can expect moving forward. Let\u2019s dive right into it!<\/div>\t\t\t\t\t\t\t\t<\/div>\n\t\t\t\t<\/div>\n\t\t\t\t\t<\/div>\n\t\t\t\t<\/div>\n\t\t\t\t\t<\/div>\n\t\t\t\t<\/div>\n\t\t<div class=\"elementor-element elementor-element-0bacab3 e-flex e-con-boxed e-con e-parent\" data-id=\"0bacab3\" data-element_type=\"container\" data-e-type=\"container\" data-settings=\"{&quot;_ha_eqh_enable&quot;:false}\">\n\t\t\t\t\t<div class=\"e-con-inner\">\n\t\t<div class=\"elementor-element elementor-element-aed45c6 e-flex e-con-boxed e-con e-child\" data-id=\"aed45c6\" data-element_type=\"container\" data-e-type=\"container\" data-settings=\"{&quot;_ha_eqh_enable&quot;:false}\">\n\t\t\t\t\t<div class=\"e-con-inner\">\n\t\t\t\t<div class=\"elementor-element elementor-element-475d65c elementor-widget elementor-widget-heading\" data-id=\"475d65c\" data-element_type=\"widget\" data-e-type=\"widget\" data-widget_type=\"heading.default\">\n\t\t\t\t<div class=\"elementor-widget-container\">\n\t\t\t\t\t<h2 class=\"elementor-heading-title elementor-size-default\">\u00bfQu\u00e9 ocurri\u00f3 en el juicio sobre la libertad condicional?<\/h2>\t\t\t\t<\/div>\n\t\t\t\t<\/div>\n\t\t\t\t<div class=\"elementor-element elementor-element-18a345c elementor-widget elementor-widget-text-editor\" data-id=\"18a345c\" data-element_type=\"widget\" data-e-type=\"widget\" data-widget_type=\"text-editor.default\">\n\t\t\t\t<div class=\"elementor-widget-container\">\n\t\t\t\t\t\t\t\t\t<div class=\"ql-block\" data-block-id=\"block-5b6bee5e-5078-4e86-9581-f5abe1176d7e\">Ayer se celebr\u00f3 en Tyler, Texas, el juicio por el litigio Parole in Place. Dur\u00f3 unas dos horas y se centr\u00f3 principalmente en la revisi\u00f3n de las pruebas. La primera fase del juicio consisti\u00f3 en una sesi\u00f3n de 25 minutos dedicada a repasar cada una de las pruebas presentadas en el caso. He aqu\u00ed c\u00f3mo fue ese proceso:<\/div>\t\t\t\t\t\t\t\t<\/div>\n\t\t\t\t<\/div>\n\t\t\t\t\t<\/div>\n\t\t\t\t<\/div>\n\t\t\t\t\t<\/div>\n\t\t\t\t<\/div>\n\t\t\t\t<section class=\"elementor-section elementor-inner-section elementor-element elementor-element-6a8ba6fe elementor-reverse-mobile elementor-section-boxed elementor-section-height-default elementor-section-height-default\" data-id=\"6a8ba6fe\" data-element_type=\"section\" data-e-type=\"section\" data-settings=\"{&quot;background_background&quot;:&quot;classic&quot;,&quot;_ha_eqh_enable&quot;:false}\">\n\t\t\t\t\t\t<div class=\"elementor-container elementor-column-gap-default\">\n\t\t\t\t\t<div class=\"elementor-column elementor-col-100 elementor-inner-column elementor-element elementor-element-3849cfb4\" data-id=\"3849cfb4\" data-element_type=\"column\" data-e-type=\"column\" data-settings=\"{&quot;background_background&quot;:&quot;classic&quot;}\">\n\t\t\t<div class=\"elementor-widget-wrap elementor-element-populated\">\n\t\t\t\t\t\t<div class=\"elementor-element elementor-element-4690cc50 elementor-icon-list--layout-traditional elementor-list-item-link-full_width elementor-widget elementor-widget-icon-list\" data-id=\"4690cc50\" data-element_type=\"widget\" data-e-type=\"widget\" data-widget_type=\"icon-list.default\">\n\t\t\t\t<div class=\"elementor-widget-container\">\n\t\t\t\t\t\t\t<ul class=\"elementor-icon-list-items\">\n\t\t\t\t\t\t\t<li class=\"elementor-icon-list-item\">\n\t\t\t\t\t\t\t\t\t\t\t<span class=\"elementor-icon-list-icon\">\n\t\t\t\t\t\t\t<i aria-hidden=\"true\" class=\"fas fa-chevron-circle-right\"><\/i>\t\t\t\t\t\t<\/span>\n\t\t\t\t\t\t\t\t\t\t<span class=\"elementor-icon-list-text\">Revisi\u00f3n de las pruebas: El juez y los abogados revisaron las pruebas que se presentaron con los escritos jur\u00eddicos. El prop\u00f3sito era decidir si las pruebas ser\u00edan admitidas en el expediente o excluidas. Si no se exclu\u00edan, el juez pod\u00eda reservarse el juicio y decidir sobre su admisibilidad m\u00e1s adelante.<\/span>\n\t\t\t\t\t\t\t\t\t<\/li>\n\t\t\t\t\t\t\t\t<li class=\"elementor-icon-list-item\">\n\t\t\t\t\t\t\t\t\t\t\t<span class=\"elementor-icon-list-icon\">\n\t\t\t\t\t\t\t<i aria-hidden=\"true\" class=\"fas fa-chevron-circle-right\"><\/i>\t\t\t\t\t\t<\/span>\n\t\t\t\t\t\t\t\t\t\t<span class=\"elementor-icon-list-text\">Por qu\u00e9 es importante: El resultado del caso depende en \u00faltima instancia de las pruebas presentadas. El juez debe decidir si las pruebas son pertinentes y si pueden autentificarse (es decir, si son reales y fiables). Esta es una parte cr\u00edtica del proceso legal porque el juez utilizar\u00e1 estas pruebas para tomar una decisi\u00f3n informada.<\/span>\n\t\t\t\t\t\t\t\t\t<\/li>\n\t\t\t\t\t\t<\/ul>\n\t\t\t\t\t\t<\/div>\n\t\t\t\t<\/div>\n\t\t\t\t\t<\/div>\n\t\t<\/div>\n\t\t\t\t\t<\/div>\n\t\t<\/section>\n\t\t<div class=\"elementor-element elementor-element-fc7458c e-flex e-con-boxed e-con e-parent\" data-id=\"fc7458c\" data-element_type=\"container\" data-e-type=\"container\" data-settings=\"{&quot;_ha_eqh_enable&quot;:false}\">\n\t\t\t\t\t<div class=\"e-con-inner\">\n\t\t<div class=\"elementor-element elementor-element-b382591 e-flex e-con-boxed e-con e-child\" data-id=\"b382591\" data-element_type=\"container\" data-e-type=\"container\" data-settings=\"{&quot;_ha_eqh_enable&quot;:false}\">\n\t\t\t\t\t<div class=\"e-con-inner\">\n\t\t\t\t<div class=\"elementor-element elementor-element-f3ed897 elementor-widget elementor-widget-heading\" data-id=\"f3ed897\" data-element_type=\"widget\" data-e-type=\"widget\" data-widget_type=\"heading.default\">\n\t\t\t\t<div class=\"elementor-widget-container\">\n\t\t\t\t\t<h2 class=\"elementor-heading-title elementor-size-default\">Momentos clave del juicio: Demandante contra Defensa<\/h2>\t\t\t\t<\/div>\n\t\t\t\t<\/div>\n\t\t\t\t<div class=\"elementor-element elementor-element-8858b79 elementor-widget elementor-widget-text-editor\" data-id=\"8858b79\" data-element_type=\"widget\" data-e-type=\"widget\" data-widget_type=\"text-editor.default\">\n\t\t\t\t<div class=\"elementor-widget-container\">\n\t\t\t\t\t\t\t\t\t<div class=\"ql-block\" data-block-id=\"block-cc7a0cef-7300-4531-b392-39cd466b81a7\"><div class=\"ql-block\" data-block-id=\"block-c706207c-28f6-415d-bb87-e4f7623bec36\"><div class=\"ql-block\" data-block-id=\"block-0ead2bc9-e815-4dfa-b511-db3623380f77\"><p>A continuaci\u00f3n, el juicio dio paso a los alegatos de ambas partes:<\/p><\/div><\/div><\/div>\t\t\t\t\t\t\t\t<\/div>\n\t\t\t\t<\/div>\n\t\t\t\t\t<\/div>\n\t\t\t\t<\/div>\n\t\t\t\t\t<\/div>\n\t\t\t\t<\/div>\n\t\t\t\t<section class=\"elementor-section elementor-inner-section elementor-element elementor-element-5133ed0 elementor-reverse-mobile elementor-section-boxed elementor-section-height-default elementor-section-height-default\" data-id=\"5133ed0\" data-element_type=\"section\" data-e-type=\"section\" data-settings=\"{&quot;background_background&quot;:&quot;classic&quot;,&quot;_ha_eqh_enable&quot;:false}\">\n\t\t\t\t\t\t<div class=\"elementor-container elementor-column-gap-default\">\n\t\t\t\t\t<div class=\"elementor-column elementor-col-100 elementor-inner-column elementor-element elementor-element-4ce221d\" data-id=\"4ce221d\" data-element_type=\"column\" data-e-type=\"column\" data-settings=\"{&quot;background_background&quot;:&quot;classic&quot;}\">\n\t\t\t<div class=\"elementor-widget-wrap elementor-element-populated\">\n\t\t\t\t\t\t<div class=\"elementor-element elementor-element-cd374fa elementor-icon-list--layout-traditional elementor-list-item-link-full_width elementor-widget elementor-widget-icon-list\" data-id=\"cd374fa\" data-element_type=\"widget\" data-e-type=\"widget\" data-widget_type=\"icon-list.default\">\n\t\t\t\t<div class=\"elementor-widget-container\">\n\t\t\t\t\t\t\t<ul class=\"elementor-icon-list-items\">\n\t\t\t\t\t\t\t<li class=\"elementor-icon-list-item\">\n\t\t\t\t\t\t\t\t\t\t\t<span class=\"elementor-icon-list-icon\">\n\t\t\t\t\t\t\t<i aria-hidden=\"true\" class=\"fas fa-chevron-circle-right\"><\/i>\t\t\t\t\t\t<\/span>\n\t\t\t\t\t\t\t\t\t\t<span class=\"elementor-icon-list-text\">Alegato de los demandantes: Los demandantes, los estados que impugnan el programa PIP, argumentaron su caso durante unos 43 minutos. Esta parte del juicio se dedic\u00f3 a explicar por qu\u00e9 creen que debe detenerse el programa Parole in Place.<\/span>\n\t\t\t\t\t\t\t\t\t<\/li>\n\t\t\t\t\t\t\t\t<li class=\"elementor-icon-list-item\">\n\t\t\t\t\t\t\t\t\t\t\t<span class=\"elementor-icon-list-icon\">\n\t\t\t\t\t\t\t<i aria-hidden=\"true\" class=\"fas fa-chevron-circle-right\"><\/i>\t\t\t\t\t\t<\/span>\n\t\t\t\t\t\t\t\t\t\t<span class=\"elementor-icon-list-text\">Argumento de la defensa: De las 10:13 a las 11:09, Brian Ward, en representaci\u00f3n de la defensa, argument\u00f3 por qu\u00e9 la libertad condicional en el lugar debe permanecer en vigor. Argument\u00f3 que el programa es beneficioso y que deber\u00eda continuar como est\u00e1.<\/span>\n\t\t\t\t\t\t\t\t\t<\/li>\n\t\t\t\t\t\t\t\t<li class=\"elementor-icon-list-item\">\n\t\t\t\t\t\t\t\t\t\t\t<span class=\"elementor-icon-list-icon\">\n\t\t\t\t\t\t\t<i aria-hidden=\"true\" class=\"fas fa-chevron-circle-right\"><\/i>\t\t\t\t\t\t<\/span>\n\t\t\t\t\t\t\t\t\t\t<span class=\"elementor-icon-list-text\">Contraargumentaci\u00f3n de los demandantes: Despu\u00e9s de que la defensa expusiera su argumento, los demandantes dispusieron de unos seis minutos para presentar su contraargumento, rebatiendo los puntos planteados por la defensa.<\/span>\n\t\t\t\t\t\t\t\t\t<\/li>\n\t\t\t\t\t\t<\/ul>\n\t\t\t\t\t\t<\/div>\n\t\t\t\t<\/div>\n\t\t\t\t\t<\/div>\n\t\t<\/div>\n\t\t\t\t\t<\/div>\n\t\t<\/section>\n\t\t<div class=\"elementor-element elementor-element-4992849 e-flex e-con-boxed e-con e-parent\" data-id=\"4992849\" data-element_type=\"container\" data-e-type=\"container\" data-settings=\"{&quot;_ha_eqh_enable&quot;:false}\">\n\t\t\t\t\t<div class=\"e-con-inner\">\n\t\t<div class=\"elementor-element elementor-element-a69e547 e-flex e-con-boxed e-con e-child\" data-id=\"a69e547\" data-element_type=\"container\" data-e-type=\"container\" data-settings=\"{&quot;_ha_eqh_enable&quot;:false}\">\n\t\t\t\t\t<div class=\"e-con-inner\">\n\t\t\t\t<div class=\"elementor-element elementor-element-b1651cb elementor-widget elementor-widget-heading\" data-id=\"b1651cb\" data-element_type=\"widget\" data-e-type=\"widget\" data-widget_type=\"heading.default\">\n\t\t\t\t<div class=\"elementor-widget-container\">\n\t\t\t\t\t<h2 class=\"elementor-heading-title elementor-size-default\">\u00bfCu\u00e1ndo se tomar\u00e1 una decisi\u00f3n?<\/h2>\t\t\t\t<\/div>\n\t\t\t\t<\/div>\n\t\t\t\t<div class=\"elementor-element elementor-element-59331c9 elementor-widget elementor-widget-text-editor\" data-id=\"59331c9\" data-element_type=\"widget\" data-e-type=\"widget\" data-widget_type=\"text-editor.default\">\n\t\t\t\t<div class=\"elementor-widget-container\">\n\t\t\t\t\t\t\t\t\t<div class=\"ql-block\" data-block-id=\"block-cc7a0cef-7300-4531-b392-39cd466b81a7\"><div class=\"ql-block\" data-block-id=\"block-c706207c-28f6-415d-bb87-e4f7623bec36\"><div class=\"ql-block\" data-block-id=\"block-90ca5e39-e0ab-47a8-9bd6-c813e4d47c15\">Si se pregunta cu\u00e1ndo tomar\u00e1 una decisi\u00f3n el juez, \u00a1no es el \u00fanico! Teniendo en cuenta el calendario y la agenda del tribunal, es probable que el juez Barker tome una decisi\u00f3n muy pronto. De hecho, mucha gente espera una decisi\u00f3n antes del <strong>8 de noviembre<\/strong> (o posiblemente antes), ya que hay una suspensi\u00f3n en vigor hasta esa fecha.<br \/><br \/><\/div><div class=\"ql-block\" data-block-id=\"block-91fb1ee6-4747-47a8-813b-a34299b86a87\">Dada la suspensi\u00f3n, lo l\u00f3gico ser\u00eda que el juez dictara sentencia el 8 de noviembre o antes. El juicio en s\u00ed fue breve, por lo que el juez tiene ahora que sopesar los argumentos y pruebas presentados antes de tomar su decisi\u00f3n final.<\/div><\/div><\/div>\t\t\t\t\t\t\t\t<\/div>\n\t\t\t\t<\/div>\n\t\t\t\t\t<\/div>\n\t\t\t\t<\/div>\n\t\t\t\t\t<\/div>\n\t\t\t\t<\/div>\n\t\t<div class=\"elementor-element elementor-element-de3bbe2 e-flex e-con-boxed e-con e-parent\" data-id=\"de3bbe2\" data-element_type=\"container\" data-e-type=\"container\" data-settings=\"{&quot;_ha_eqh_enable&quot;:false}\">\n\t\t\t\t\t<div class=\"e-con-inner\">\n\t\t<div class=\"elementor-element elementor-element-7f26726 e-flex e-con-boxed e-con e-child\" data-id=\"7f26726\" data-element_type=\"container\" data-e-type=\"container\" data-settings=\"{&quot;_ha_eqh_enable&quot;:false}\">\n\t\t\t\t\t<div class=\"e-con-inner\">\n\t\t\t\t<div class=\"elementor-element elementor-element-fd0c88b elementor-widget elementor-widget-heading\" data-id=\"fd0c88b\" data-element_type=\"widget\" data-e-type=\"widget\" data-widget_type=\"heading.default\">\n\t\t\t\t<div class=\"elementor-widget-container\">\n\t\t\t\t\t<h2 class=\"elementor-heading-title elementor-size-default\">\u00bfQu\u00e9 ambiente se respira en los tribunales?<\/h2>\t\t\t\t<\/div>\n\t\t\t\t<\/div>\n\t\t\t\t<div class=\"elementor-element elementor-element-08aa9d1 elementor-widget elementor-widget-text-editor\" data-id=\"08aa9d1\" data-element_type=\"widget\" data-e-type=\"widget\" data-widget_type=\"text-editor.default\">\n\t\t\t\t<div class=\"elementor-widget-container\">\n\t\t\t\t\t\t\t\t\t<div class=\"ql-block\" data-block-id=\"block-cc7a0cef-7300-4531-b392-39cd466b81a7\"><div class=\"ql-block\" data-block-id=\"block-c706207c-28f6-415d-bb87-e4f7623bec36\"><div class=\"ql-block\" data-block-id=\"block-7f9bd222-0484-41c0-b529-1e40215e4e01\"><p>Desde la perspectiva de quienes estaban presentes en la sala (como New Person y otros asistentes), se ten\u00eda la sensaci\u00f3n de que el juez Barker estaba siendo justo e imparcial. El ambiente general parece positivo, y muchos consideran que el juez se toma en serio el proceso y se asegura de que ambas partes tengan una oportunidad justa de presentar su caso.<br \/><br \/><\/p><div class=\"ql-block\" data-block-id=\"block-521b3840-c032-462d-bc30-b686421a1ffc\">\u00bfY ahora qu\u00e9? Todos estamos a la espera de ver c\u00f3mo se pronuncia el juez Barker en este caso de alto riesgo. El juicio era un paso importante para determinar si el programa Parole in Place continuar\u00e1, y la decisi\u00f3n del juez podr\u00eda tener implicaciones significativas para la pol\u00edtica de inmigraci\u00f3n.<br \/><br \/><\/div><div class=\"ql-block\" data-block-id=\"block-88d6f237-0539-4f5d-9bc1-1c6297eb323c\">Espero que pronto se tome una decisi\u00f3n, as\u00ed que estad atentos. Mientras tanto, dame tu opini\u00f3n en los comentarios. \u00bfCrees que se mantendr\u00e1 el programa Parole in Place o que el juez fallar\u00e1 en su contra? No olvides seguirnos para estar al d\u00eda de las novedades del caso.<\/div><\/div><\/div><\/div>\t\t\t\t\t\t\t\t<\/div>\n\t\t\t\t<\/div>\n\t\t\t\t\t<\/div>\n\t\t\t\t<\/div>\n\t\t\t\t\t<\/div>\n\t\t\t\t<\/div>\n\t\t<div class=\"elementor-element elementor-element-4c5a9906 e-con-full e-flex e-con e-child\" data-id=\"4c5a9906\" data-element_type=\"container\" data-e-type=\"container\" data-settings=\"{&quot;_ha_eqh_enable&quot;:false}\">\n\t\t\t\t<div class=\"elementor-element elementor-element-180cbb62 elementor-widget-mobile__width-initial elementor-widget elementor-widget-heading\" data-id=\"180cbb62\" data-element_type=\"widget\" data-e-type=\"widget\" data-widget_type=\"heading.default\">\n\t\t\t\t<div class=\"elementor-widget-container\">\n\t\t\t\t\t<h2 class=\"elementor-heading-title elementor-size-default\">\u00bfQu\u00e9 Hacer Si Te Encuentras en Esta Situaci\u00f3n?<\/h2>\t\t\t\t<\/div>\n\t\t\t\t<\/div>\n\t\t\t\t<div class=\"elementor-element elementor-element-62cc1a90 elementor-widget elementor-widget-text-editor\" data-id=\"62cc1a90\" data-element_type=\"widget\" data-e-type=\"widget\" data-widget_type=\"text-editor.default\">\n\t\t\t\t<div class=\"elementor-widget-container\">\n\t\t\t\t\t\t\t\t\t<p style=\"text-align: left;\">Descubra la mejor manera de conectarse con Green Card Guys Law Group seg\u00fan sus necesidades y objetivos espec\u00edficos. Elija entre 3 opciones personalizadas para comenzar.<\/p>\t\t\t\t\t\t\t\t<\/div>\n\t\t\t\t<\/div>\n\t\t\t\t<\/div>\n\t\t\t\t<\/div>","protected":false},"excerpt":{"rendered":"<p>Trial breakdown of the parole in place lawsuit in Tyler, Texas Are you eager to learn more about the ongoing Parole in Place (PIP) lawsuit? My name is John Ting, and I specialize in immigration law, helping individuals secure legal status to live and work in the United States. In this post, I&#8217;ll break down [&hellip;]<\/p>\n","protected":false},"author":7,"featured_media":19180,"comment_status":"closed","ping_status":"closed","sticky":false,"template":"","format":"standard","meta":{"nf_dc_page":"","footnotes":""},"categories":[51],"tags":[16],"class_list":["post-19120","post","type-post","status-publish","format-standard","has-post-thumbnail","hentry","category-announcement","tag-green-card"],"_links":{"self":[{"href":"https:\/\/greencardguys.com\/es\/wp-json\/wp\/v2\/posts\/19120","targetHints":{"allow":["GET"]}}],"collection":[{"href":"https:\/\/greencardguys.com\/es\/wp-json\/wp\/v2\/posts"}],"about":[{"href":"https:\/\/greencardguys.com\/es\/wp-json\/wp\/v2\/types\/post"}],"author":[{"embeddable":true,"href":"https:\/\/greencardguys.com\/es\/wp-json\/wp\/v2\/users\/7"}],"replies":[{"embeddable":true,"href":"https:\/\/greencardguys.com\/es\/wp-json\/wp\/v2\/comments?post=19120"}],"version-history":[{"count":5,"href":"https:\/\/greencardguys.com\/es\/wp-json\/wp\/v2\/posts\/19120\/revisions"}],"predecessor-version":[{"id":25224,"href":"https:\/\/greencardguys.com\/es\/wp-json\/wp\/v2\/posts\/19120\/revisions\/25224"}],"wp:featuredmedia":[{"embeddable":true,"href":"https:\/\/greencardguys.com\/es\/wp-json\/wp\/v2\/media\/19180"}],"wp:attachment":[{"href":"https:\/\/greencardguys.com\/es\/wp-json\/wp\/v2\/media?parent=19120"}],"wp:term":[{"taxonomy":"category","embeddable":true,"href":"https:\/\/greencardguys.com\/es\/wp-json\/wp\/v2\/categories?post=19120"},{"taxonomy":"post_tag","embeddable":true,"href":"https:\/\/greencardguys.com\/es\/wp-json\/wp\/v2\/tags?post=19120"}],"curies":[{"name":"wp","href":"https:\/\/api.w.org\/{rel}","templated":true}]}}