{"id":20034,"date":"2024-12-22T09:42:06","date_gmt":"2024-12-22T09:42:06","guid":{"rendered":"https:\/\/greencardguys.com\/?p=20034"},"modified":"2025-03-25T14:58:03","modified_gmt":"2025-03-25T14:58:03","slug":"biden-ultima-los-cambios-en-la-normativa-h1b","status":"publish","type":"post","link":"https:\/\/greencardguys.com\/es\/biden-ultima-los-cambios-en-la-normativa-h1b\/","title":{"rendered":"Biden ultima los cambios en la regulaci\u00f3n del H-1B antes de que Trump los asuma"},"content":{"rendered":"<div data-elementor-type=\"wp-post\" data-elementor-id=\"20034\" class=\"elementor elementor-20034\" data-elementor-settings=\"{&quot;ha_cmc_init_switcher&quot;:&quot;no&quot;}\" data-elementor-post-type=\"post\">\n\t\t\t\t\t\t<section class=\"elementor-section elementor-top-section elementor-element elementor-element-2820657 elementor-section-boxed elementor-section-height-default elementor-section-height-default\" data-id=\"2820657\" data-element_type=\"section\" data-e-type=\"section\" data-settings=\"{&quot;_ha_eqh_enable&quot;:false}\">\n\t\t\t\t\t\t<div class=\"elementor-container elementor-column-gap-default\">\n\t\t\t\t\t<div class=\"elementor-column elementor-col-100 elementor-top-column elementor-element elementor-element-44714c36\" data-id=\"44714c36\" data-element_type=\"column\" data-e-type=\"column\">\n\t\t\t<div class=\"elementor-widget-wrap\">\n\t\t\t\t\t\t\t<\/div>\n\t\t<\/div>\n\t\t\t\t\t<\/div>\n\t\t<\/section>\n\t\t\t\t<section class=\"elementor-section elementor-top-section elementor-element elementor-element-76406e34 elementor-section-boxed elementor-section-height-default elementor-section-height-default\" data-id=\"76406e34\" data-element_type=\"section\" data-e-type=\"section\" data-settings=\"{&quot;_ha_eqh_enable&quot;:false}\">\n\t\t\t\t\t\t<div class=\"elementor-container elementor-column-gap-default\">\n\t\t\t\t\t<div class=\"elementor-column elementor-col-100 elementor-top-column elementor-element elementor-element-25a41613\" data-id=\"25a41613\" data-element_type=\"column\" data-e-type=\"column\">\n\t\t\t<div class=\"elementor-widget-wrap elementor-element-populated\">\n\t\t\t\t\t\t<div class=\"elementor-element elementor-element-0568826 elementor-widget-mobile__width-initial elementor-widget elementor-widget-heading\" data-id=\"0568826\" data-element_type=\"widget\" data-e-type=\"widget\" data-widget_type=\"heading.default\">\n\t\t\t\t<div class=\"elementor-widget-container\">\n\t\t\t\t\t<h2 class=\"elementor-heading-title elementor-size-default\">Biden ultima modificaciones de la normativa H-1B antes de la toma de posesi\u00f3n de Trump<\/h2>\t\t\t\t<\/div>\n\t\t\t\t<\/div>\n\t\t\t\t<section class=\"elementor-section elementor-inner-section elementor-element elementor-element-d854d75 elementor-reverse-mobile elementor-section-boxed elementor-section-height-default elementor-section-height-default\" data-id=\"d854d75\" data-element_type=\"section\" data-e-type=\"section\" data-settings=\"{&quot;_ha_eqh_enable&quot;:false}\">\n\t\t\t\t\t\t<div class=\"elementor-container elementor-column-gap-default\">\n\t\t\t\t\t<div class=\"elementor-column elementor-col-100 elementor-inner-column elementor-element elementor-element-bc2a8f8\" data-id=\"bc2a8f8\" data-element_type=\"column\" data-e-type=\"column\">\n\t\t\t<div class=\"elementor-widget-wrap elementor-element-populated\">\n\t\t\t\t\t\t<div class=\"elementor-element elementor-element-ee5adf1 elementor-widget elementor-widget-text-editor\" data-id=\"ee5adf1\" data-element_type=\"widget\" data-e-type=\"widget\" data-widget_type=\"text-editor.default\">\n\t\t\t\t<div class=\"elementor-widget-container\">\n\t\t\t\t\t\t\t\t\t<div data-block-id=\"block-f54afc33-d948-4383-a808-7062b47701bb\">En una decisi\u00f3n destinada a contrarrestar a la pr\u00f3xima administraci\u00f3n, el presidente Joe Biden ha puesto en marcha modificaciones favorables a las empresas en el programa de visados H-1B, que se activar\u00e1n apenas cuatro d\u00edas antes de que el presidente electo Donald Trump asuma el cargo. Los ajustes propuestos a la normativa sobre visados H-1B, presentados el mi\u00e9rcoles y cuya aplicaci\u00f3n est\u00e1 prevista para el 17 de enero, ofrecen a los empresarios una mayor seguridad en cuanto a la renovaci\u00f3n de los visados y una mayor adaptabilidad en la colocaci\u00f3n de los trabajadores. En el pasado, los empleadores deb\u00edan demostrar una relaci\u00f3n directa entre la cualificaci\u00f3n acad\u00e9mica de un solicitante de visado y el puesto para el que se le contrata. Esta actualizaci\u00f3n flexibiliza esa condici\u00f3n, solicitando simplemente un v\u00ednculo l\u00f3gico entre la titulaci\u00f3n y las funciones del puesto. El objetivo es simplificar el proceso de provisi\u00f3n de puestos que exigen una combinaci\u00f3n de cualificaciones, como los de IA.&nbsp;<\/div>\t\t\t\t\t\t\t\t<\/div>\n\t\t\t\t<\/div>\n\t\t\t\t\t<\/div>\n\t\t<\/div>\n\t\t\t\t\t<\/div>\n\t\t<\/section>\n\t\t\t\t<div class=\"elementor-element elementor-element-fd788f9 elementor-widget elementor-widget-spacer\" data-id=\"fd788f9\" data-element_type=\"widget\" data-e-type=\"widget\" data-widget_type=\"spacer.default\">\n\t\t\t\t<div class=\"elementor-widget-container\">\n\t\t\t\t\t\t\t<div class=\"elementor-spacer\">\n\t\t\t<div class=\"elementor-spacer-inner\"><\/div>\n\t\t<\/div>\n\t\t\t\t\t\t<\/div>\n\t\t\t\t<\/div>\n\t\t\t\t<div class=\"elementor-element elementor-element-70bf692 elementor-widget elementor-widget-spacer\" data-id=\"70bf692\" data-element_type=\"widget\" data-e-type=\"widget\" data-widget_type=\"spacer.default\">\n\t\t\t\t<div class=\"elementor-widget-container\">\n\t\t\t\t\t\t\t<div class=\"elementor-spacer\">\n\t\t\t<div class=\"elementor-spacer-inner\"><\/div>\n\t\t<\/div>\n\t\t\t\t\t\t<\/div>\n\t\t\t\t<\/div>\n\t\t\t\t\t<\/div>\n\t\t<\/div>\n\t\t\t\t\t<\/div>\n\t\t<\/section>\n\t\t\t\t<\/div>","protected":false},"excerpt":{"rendered":"<p>Biden Finalizes H-1B Regulation Changes Before Trump&#8217;s Takeover In a decision aimed at countering the upcoming administration, President Joe Biden has implemented pro-business modifications to the H-1B visa program, which will be activated merely four days prior to President-elect Donald Trump assuming office. The suggested adjustments to the H-1B regulations, unveiled on Wednesday and scheduled [&hellip;]<\/p>\n","protected":false},"author":7,"featured_media":0,"comment_status":"closed","ping_status":"closed","sticky":false,"template":"","format":"standard","meta":{"nf_dc_page":"","footnotes":""},"categories":[1,14],"tags":[16],"class_list":["post-20034","post","type-post","status-publish","format-standard","hentry","category-legal-update","category-news","tag-green-card"],"_links":{"self":[{"href":"https:\/\/greencardguys.com\/es\/wp-json\/wp\/v2\/posts\/20034","targetHints":{"allow":["GET"]}}],"collection":[{"href":"https:\/\/greencardguys.com\/es\/wp-json\/wp\/v2\/posts"}],"about":[{"href":"https:\/\/greencardguys.com\/es\/wp-json\/wp\/v2\/types\/post"}],"author":[{"embeddable":true,"href":"https:\/\/greencardguys.com\/es\/wp-json\/wp\/v2\/users\/7"}],"replies":[{"embeddable":true,"href":"https:\/\/greencardguys.com\/es\/wp-json\/wp\/v2\/comments?post=20034"}],"version-history":[{"count":5,"href":"https:\/\/greencardguys.com\/es\/wp-json\/wp\/v2\/posts\/20034\/revisions"}],"predecessor-version":[{"id":21524,"href":"https:\/\/greencardguys.com\/es\/wp-json\/wp\/v2\/posts\/20034\/revisions\/21524"}],"wp:attachment":[{"href":"https:\/\/greencardguys.com\/es\/wp-json\/wp\/v2\/media?parent=20034"}],"wp:term":[{"taxonomy":"category","embeddable":true,"href":"https:\/\/greencardguys.com\/es\/wp-json\/wp\/v2\/categories?post=20034"},{"taxonomy":"post_tag","embeddable":true,"href":"https:\/\/greencardguys.com\/es\/wp-json\/wp\/v2\/tags?post=20034"}],"curies":[{"name":"wp","href":"https:\/\/api.w.org\/{rel}","templated":true}]}}