{"id":20261,"date":"2025-01-24T16:03:31","date_gmt":"2025-01-24T16:03:31","guid":{"rendered":"https:\/\/greencardguys.com\/?p=20261"},"modified":"2025-08-12T10:53:44","modified_gmt":"2025-08-12T10:53:44","slug":"segunda-toma-de-posesion-de-trump-ordenes-de-inmigracion","status":"publish","type":"post","link":"https:\/\/greencardguys.com\/es\/segunda-toma-de-posesion-de-trump-ordenes-de-inmigracion\/","title":{"rendered":"Segunda toma de posesi\u00f3n de Trump: Explicaci\u00f3n de las \u00f3rdenes migratorias clave"},"content":{"rendered":"<div data-elementor-type=\"wp-post\" data-elementor-id=\"20261\" class=\"elementor elementor-20261\" data-elementor-settings=\"{&quot;ha_cmc_init_switcher&quot;:&quot;no&quot;}\" data-elementor-post-type=\"post\">\n\t\t\t\t\t\t<section class=\"elementor-section elementor-top-section elementor-element elementor-element-2820657 elementor-section-full_width elementor-section-height-default elementor-section-height-default\" data-id=\"2820657\" data-element_type=\"section\" data-e-type=\"section\" data-settings=\"{&quot;_ha_eqh_enable&quot;:false}\">\n\t\t\t\t\t\t<div class=\"elementor-container elementor-column-gap-default\">\n\t\t\t\t\t<div class=\"elementor-column elementor-col-100 elementor-top-column elementor-element elementor-element-44714c36\" data-id=\"44714c36\" data-element_type=\"column\" data-e-type=\"column\">\n\t\t\t<div class=\"elementor-widget-wrap elementor-element-populated\">\n\t\t\t\t\t\t<div class=\"elementor-element elementor-element-81c4fe5 elementor-widget-mobile__width-initial elementor-widget elementor-widget-heading\" data-id=\"81c4fe5\" data-element_type=\"widget\" data-e-type=\"widget\" data-widget_type=\"heading.default\">\n\t\t\t\t<div class=\"elementor-widget-container\">\n\t\t\t\t\t<h1 class=\"elementor-heading-title elementor-size-default\">Segunda toma de posesi\u00f3n del presidente Trump - \u00d3rdenes de inmigraci\u00f3n<\/h1>\t\t\t\t<\/div>\n\t\t\t\t<\/div>\n\t\t\t\t\t<\/div>\n\t\t<\/div>\n\t\t\t\t\t<\/div>\n\t\t<\/section>\n\t\t<div class=\"elementor-element elementor-element-4369faf e-flex e-con-boxed e-con e-parent\" data-id=\"4369faf\" data-element_type=\"container\" data-e-type=\"container\" data-settings=\"{&quot;_ha_eqh_enable&quot;:false}\">\n\t\t\t\t\t<div class=\"e-con-inner\">\n\t\t<div class=\"elementor-element elementor-element-c0c993c e-flex e-con-boxed e-con e-child\" data-id=\"c0c993c\" data-element_type=\"container\" data-e-type=\"container\" data-settings=\"{&quot;_ha_eqh_enable&quot;:false}\">\n\t\t\t\t\t<div class=\"e-con-inner\">\n\t\t\t\t<div class=\"elementor-element elementor-element-475d65c elementor-widget elementor-widget-heading\" data-id=\"475d65c\" data-element_type=\"widget\" data-e-type=\"widget\" data-widget_type=\"heading.default\">\n\t\t\t\t<div class=\"elementor-widget-container\">\n\t\t\t\t\t<h2 class=\"elementor-heading-title elementor-size-default\">Novedades en pol\u00edtica de inmigraci\u00f3n: principales cambios con la nueva Administraci\u00f3n<\/h2>\t\t\t\t<\/div>\n\t\t\t\t<\/div>\n\t\t\t\t<div class=\"elementor-element elementor-element-1bc4b41 elementor-widget elementor-widget-text-editor\" data-id=\"1bc4b41\" data-element_type=\"widget\" data-e-type=\"widget\" data-widget_type=\"text-editor.default\">\n\t\t\t\t<div class=\"elementor-widget-container\">\n\t\t\t\t\t\t\t\t\t<div class=\"ql-block\" data-block-id=\"block-959c2126-d4ca-41fa-a62a-ccb30cfa559a\"><p data-pm-slice=\"1 1 []\">Desde el 20 de enero de 2025, el presidente Donald J. Trump ha iniciado oficialmente su segundo mandato. Pocas horas despu\u00e9s de su toma de posesi\u00f3n, se han iniciado cambios significativos en las pol\u00edticas de inmigraci\u00f3n y en las estructuras de liderazgo. Este art\u00edculo ofrece una visi\u00f3n general de los acontecimientos clave, centr\u00e1ndose en sus posibles implicaciones para los inmigrantes, los profesionales del derecho y los responsables pol\u00edticos por igual.<\/p><\/div>\t\t\t\t\t\t\t\t<\/div>\n\t\t\t\t<\/div>\n\t\t\t\t<div class=\"elementor-element elementor-element-f75d470 elementor-icon-list--layout-traditional elementor-list-item-link-full_width ha-has-bg-overlay elementor-widget elementor-widget-icon-list\" data-id=\"f75d470\" data-element_type=\"widget\" data-e-type=\"widget\" data-widget_type=\"icon-list.default\">\n\t\t\t\t<div class=\"elementor-widget-container\">\n\t\t\t\t\t\t\t<ul class=\"elementor-icon-list-items\">\n\t\t\t\t\t\t\t<li class=\"elementor-icon-list-item\">\n\t\t\t\t\t\t\t\t\t\t\t<a href=\"#leadership\">\n\n\t\t\t\t\t\t\t\t\t\t\t\t<span class=\"elementor-icon-list-icon\">\n\t\t\t\t\t\t\t<i aria-hidden=\"true\" class=\"fas fa-chevron-circle-right\"><\/i>\t\t\t\t\t\t<\/span>\n\t\t\t\t\t\t\t\t\t\t<span class=\"elementor-icon-list-text\">Cambio en la direcci\u00f3n de las agencias de inmigraci\u00f3n<\/span>\n\t\t\t\t\t\t\t\t\t\t\t<\/a>\n\t\t\t\t\t\t\t\t\t<\/li>\n\t\t\t\t\t\t\t\t<li class=\"elementor-icon-list-item\">\n\t\t\t\t\t\t\t\t\t\t\t<a href=\"#executive\">\n\n\t\t\t\t\t\t\t\t\t\t\t\t<span class=\"elementor-icon-list-icon\">\n\t\t\t\t\t\t\t<i aria-hidden=\"true\" class=\"fas fa-chevron-circle-right\"><\/i>\t\t\t\t\t\t<\/span>\n\t\t\t\t\t\t\t\t\t\t<span class=\"elementor-icon-list-text\">\u00d3rdenes ejecutivas y su impacto en la inmigraci\u00f3n<\/span>\n\t\t\t\t\t\t\t\t\t\t\t<\/a>\n\t\t\t\t\t\t\t\t\t<\/li>\n\t\t\t\t\t\t\t\t<li class=\"elementor-icon-list-item\">\n\t\t\t\t\t\t\t\t\t\t\t<a href=\"#legislative\">\n\n\t\t\t\t\t\t\t\t\t\t\t\t<span class=\"elementor-icon-list-icon\">\n\t\t\t\t\t\t\t<i aria-hidden=\"true\" class=\"fas fa-chevron-circle-right\"><\/i>\t\t\t\t\t\t<\/span>\n\t\t\t\t\t\t\t\t\t\t<span class=\"elementor-icon-list-text\">Novedades legislativas: Ley Laken Riley<\/span>\n\t\t\t\t\t\t\t\t\t\t\t<\/a>\n\t\t\t\t\t\t\t\t\t<\/li>\n\t\t\t\t\t\t\t\t<li class=\"elementor-icon-list-item\">\n\t\t\t\t\t\t\t\t\t\t\t<a href=\"#implications\">\n\n\t\t\t\t\t\t\t\t\t\t\t\t<span class=\"elementor-icon-list-icon\">\n\t\t\t\t\t\t\t<i aria-hidden=\"true\" class=\"fas fa-chevron-circle-right\"><\/i>\t\t\t\t\t\t<\/span>\n\t\t\t\t\t\t\t\t\t\t<span class=\"elementor-icon-list-text\">Implicaciones para los inmigrantes<\/span>\n\t\t\t\t\t\t\t\t\t\t\t<\/a>\n\t\t\t\t\t\t\t\t\t<\/li>\n\t\t\t\t\t\t\t\t<li class=\"elementor-icon-list-item\">\n\t\t\t\t\t\t\t\t\t\t\t<a href=\"#conclusion\">\n\n\t\t\t\t\t\t\t\t\t\t\t\t<span class=\"elementor-icon-list-icon\">\n\t\t\t\t\t\t\t<i aria-hidden=\"true\" class=\"fas fa-chevron-circle-right\"><\/i>\t\t\t\t\t\t<\/span>\n\t\t\t\t\t\t\t\t\t\t<span class=\"elementor-icon-list-text\">Conclusi\u00f3n<\/span>\n\t\t\t\t\t\t\t\t\t\t\t<\/a>\n\t\t\t\t\t\t\t\t\t<\/li>\n\t\t\t\t\t\t<\/ul>\n\t\t\t\t\t\t<\/div>\n\t\t\t\t<\/div>\n\t\t\t\t\t<\/div>\n\t\t\t\t<\/div>\n\t\t\t\t\t<\/div>\n\t\t\t\t<\/div>\n\t\t<div class=\"elementor-element elementor-element-0bacab3 e-flex e-con-boxed e-con e-parent\" data-id=\"0bacab3\" data-element_type=\"container\" data-e-type=\"container\" data-settings=\"{&quot;_ha_eqh_enable&quot;:false}\">\n\t\t\t\t\t<div class=\"e-con-inner\">\n\t\t<div class=\"elementor-element elementor-element-aed45c6 e-flex e-con-boxed e-con e-child\" data-id=\"aed45c6\" data-element_type=\"container\" data-e-type=\"container\" data-settings=\"{&quot;_ha_eqh_enable&quot;:false}\">\n\t\t\t\t\t<div class=\"e-con-inner\">\n\t\t\t\t<div class=\"elementor-element elementor-element-58a7066 elementor-widget elementor-widget-menu-anchor\" data-id=\"58a7066\" data-element_type=\"widget\" data-e-type=\"widget\" data-widget_type=\"menu-anchor.default\">\n\t\t\t\t<div class=\"elementor-widget-container\">\n\t\t\t\t\t\t\t<div class=\"elementor-menu-anchor\" id=\"leadership\"><\/div>\n\t\t\t\t\t\t<\/div>\n\t\t\t\t<\/div>\n\t\t\t\t<div class=\"elementor-element elementor-element-1869b18 elementor-widget elementor-widget-heading\" data-id=\"1869b18\" data-element_type=\"widget\" data-e-type=\"widget\" data-widget_type=\"heading.default\">\n\t\t\t\t<div class=\"elementor-widget-container\">\n\t\t\t\t\t<h2 class=\"elementor-heading-title elementor-size-default\">Cambio en la direcci\u00f3n de las agencias de inmigraci\u00f3n<\/h2>\t\t\t\t<\/div>\n\t\t\t\t<\/div>\n\t\t\t\t<div class=\"elementor-element elementor-element-6f4241c elementor-widget elementor-widget-text-editor\" data-id=\"6f4241c\" data-element_type=\"widget\" data-e-type=\"widget\" data-widget_type=\"text-editor.default\">\n\t\t\t\t<div class=\"elementor-widget-container\">\n\t\t\t\t\t\t\t\t\t<p data-pm-slice=\"1 1 []\">Una de las primeras medidas de la administraci\u00f3n fue destituir a varios dirigentes clave del sistema de tribunales de inmigraci\u00f3n. Esto incluye a Mary Chen Chang, directora en funciones de la Oficina Ejecutiva de Revisi\u00f3n de Inmigraci\u00f3n (EOIR), junto con Sheila McNulty, Lauren Alder Reid y Jill Anderson, que desempe\u00f1aban funciones de liderazgo en pol\u00edtica y asesor\u00eda jur\u00eddica. Estos cambios de personal sugieren una clara intenci\u00f3n de alinear el sistema de tribunales de inmigraci\u00f3n con las prioridades de la administraci\u00f3n, haciendo hincapi\u00e9 en una aplicaci\u00f3n m\u00e1s estricta.<\/p>\t\t\t\t\t\t\t\t<\/div>\n\t\t\t\t<\/div>\n\t\t\t\t\t<\/div>\n\t\t\t\t<\/div>\n\t\t\t\t\t<\/div>\n\t\t\t\t<\/div>\n\t\t<div class=\"elementor-element elementor-element-882f4b0 e-flex e-con-boxed e-con e-parent\" data-id=\"882f4b0\" data-element_type=\"container\" data-e-type=\"container\" data-settings=\"{&quot;_ha_eqh_enable&quot;:false}\">\n\t\t\t\t\t<div class=\"e-con-inner\">\n\t\t<div class=\"elementor-element elementor-element-2e9bb67 e-flex e-con-boxed e-con e-child\" data-id=\"2e9bb67\" data-element_type=\"container\" data-e-type=\"container\" data-settings=\"{&quot;_ha_eqh_enable&quot;:false}\">\n\t\t\t\t\t<div class=\"e-con-inner\">\n\t\t\t\t<div class=\"elementor-element elementor-element-9d0eb2f elementor-widget elementor-widget-menu-anchor\" data-id=\"9d0eb2f\" data-element_type=\"widget\" data-e-type=\"widget\" data-widget_type=\"menu-anchor.default\">\n\t\t\t\t<div class=\"elementor-widget-container\">\n\t\t\t\t\t\t\t<div class=\"elementor-menu-anchor\" id=\"executive\"><\/div>\n\t\t\t\t\t\t<\/div>\n\t\t\t\t<\/div>\n\t\t\t\t<div class=\"elementor-element elementor-element-074db34 elementor-widget elementor-widget-heading\" data-id=\"074db34\" data-element_type=\"widget\" data-e-type=\"widget\" data-widget_type=\"heading.default\">\n\t\t\t\t<div class=\"elementor-widget-container\">\n\t\t\t\t\t<h2 class=\"elementor-heading-title elementor-size-default\">\u00d3rdenes ejecutivas y su impacto en la inmigraci\u00f3n<\/h2>\t\t\t\t<\/div>\n\t\t\t\t<\/div>\n\t\t\t\t<div class=\"elementor-element elementor-element-08574ea elementor-widget elementor-widget-text-editor\" data-id=\"08574ea\" data-element_type=\"widget\" data-e-type=\"widget\" data-widget_type=\"text-editor.default\">\n\t\t\t\t<div class=\"elementor-widget-container\">\n\t\t\t\t\t\t\t\t\t<p data-pm-slice=\"1 5 []\">El presidente Trump no perdi\u00f3 tiempo en firmar una serie de \u00f3rdenes ejecutivas, algunas de las cuales apuntan directamente a las pol\u00edticas de inmigraci\u00f3n. Estas \u00f3rdenes reflejan un cambio hacia medidas coercitivas m\u00e1s estrictas. Estas son algunas de las medidas m\u00e1s destacadas:<\/p><ol start=\"1\" data-spread=\"true\"><li><div class=\"ql-block\" data-block-id=\"block-602fa66e-97ea-4253-b0e3-e00e0543d73c\"><a href=\"https:\/\/www.whitehouse.gov\/presidential-actions\/2025\/01\/protecting-the-meaning-and-value-of-american-citizenship\/\" target=\"_blank\" rel=\"noopener\"><strong>ACABAR CON LA CIUDADAN\u00cdA POR DERECHO DE NACIMIENTO<\/strong><\/a><\/div><div class=\"ql-block\" data-block-id=\"block-7b44afe4-c790-4051-b1e8-c5ce8d46eb1f\">Art. 2.  Pol\u00edtica.  (a) Es pol\u00edtica de los Estados Unidos que ning\u00fan departamento o agencia del gobierno de los Estados Unidos expida documentos que reconozcan la ciudadan\u00eda de los Estados Unidos, ni acepte documentos expedidos por gobiernos o autoridades estatales, locales o de otro tipo que pretendan reconocer la ciudadan\u00eda de los Estados Unidos, a personas  (1) cuando la madre de dicha persona se encontraba ilegalmente en Estados Unidos y el padre de dicha persona no era ciudadano estadounidense o residente permanente legal en el momento del nacimiento de dicha persona, o (2) cuando la presencia de la madre de dicha persona en Estados Unidos era legal pero temporal, y el padre de dicha persona no era ciudadano estadounidense o residente permanente legal en el momento del nacimiento de dicha persona.<\/div><div class=\"ql-block\" data-block-id=\"block-f3e88e6d-a787-4f69-857f-17c882e2fc59\">(b) La subsecci\u00f3n (a) de esta secci\u00f3n se aplicar\u00e1 \u00fanicamente a las personas que nazcan dentro de los Estados Unidos despu\u00e9s de 30 d\u00edas de la fecha de esta orden.<\/div><div class=\"ql-block\" data-block-id=\"block-7b15c548-aac8-4440-9f82-64486e487cff\">(c) Nada de lo dispuesto en esta orden se interpretar\u00e1 en el sentido de afectar al derecho de otras personas, incluidos los hijos de residentes legales permanentes, a obtener documentaci\u00f3n que acredite su ciudadan\u00eda estadounidense.<br \/><br \/><\/div><\/li><li><div class=\"ql-block\" data-block-id=\"block-4d07e740-e499-48f2-8f10-294c8c308f6f\"><a href=\"https:\/\/www.whitehouse.gov\/presidential-actions\/2025\/01\/protecting-the-united-states-from-foreign-terrorists-and-othernational-security-and-public-safety-threats\/\" target=\"_blank\" rel=\"noopener\"><strong>PROTEGER A ESTADOS UNIDOS DE TERRORISTAS EXTRANJEROS Y OTROS<\/strong><\/a><\/div><div class=\"ql-block\" data-block-id=\"block-290c159a-c079-4245-9048-0a844138ffea\"><a href=\"https:\/\/www.whitehouse.gov\/presidential-actions\/2025\/01\/protecting-the-united-states-from-foreign-terrorists-and-othernational-security-and-public-safety-threats\/\" target=\"_blank\" rel=\"noopener\"><strong>AMENAZAS PARA LA SEGURIDAD NACIONAL Y LA SEGURIDAD P\u00daBLICA<\/strong><\/a><\/div><div class=\"ql-block\" data-block-id=\"block-9c003aae-2537-4554-8f5e-08e45572dc8d\">\u00a0Mejora de la investigaci\u00f3n y los controles en todas las agencias.<\/div><div class=\"ql-block\" data-block-id=\"block-5a0b5ff7-53ed-44fd-bd3d-fdb5111ffc25\">\u00a0<\/div><div class=\"ql-block\" data-block-id=\"block-9d87928a-9c1b-4e28-a87f-ad8222874af3\">(ii) identificando cu\u00e1ntos nacionales de esos pa\u00edses han entrado o han sido admitidos en Estados Unidos el 20 de enero de 2021 o desde esa fecha, y cualquier otra informaci\u00f3n que los Secretarios y el Fiscal General consideren relevante sobre las acciones o actividades de dichos nacionales desde su admisi\u00f3n o entrada en Estados Unidos.<\/div><div class=\"ql-block\" data-block-id=\"block-2b203244-0b4c-43df-9924-041775668956\">\u00a0<\/div><div class=\"ql-block\" data-block-id=\"block-054b129a-05bb-4554-bbdc-fd541df01866\">(f) Evaluar la adecuaci\u00f3n de los programas dise\u00f1ados para asegurar la correcta asimilaci\u00f3n de los inmigrantes legales en Estados Unidos, y recomendar cualquier medida adicional que deba tomarse para promover una identidad americana unificada y el apego a la Constituci\u00f3n, las leyes y los principios fundacionales de Estados Unidos; y<br \/><br \/><\/div><\/li><li><div class=\"ql-block\" data-block-id=\"block-52483352-5638-4c00-bc1d-b68e8e0b5ee1\"><a href=\"https:\/\/www.whitehouse.gov\/presidential-actions\/2025\/01\/protecting-the-american-people-against-invasion\/\" target=\"_blank\" rel=\"noopener\"><strong>PROTEGER AL PUEBLO ESTADOUNIDENSE CONTRA LA INVASI\u00d3N<\/strong><\/a><\/div><div class=\"ql-block\" data-block-id=\"block-e906262a-e03b-48a4-bc9c-36438f680a63\">Art. 2.  Pol\u00edtica.  La pol\u00edtica de Estados Unidos consiste en aplicar fielmente las leyes de inmigraci\u00f3n contra todos los extranjeros inadmisibles y expulsables, en particular contra aquellos extranjeros que amenacen la seguridad del pueblo estadounidense.  Adem\u00e1s, es pol\u00edtica de Estados Unidos lograr la aplicaci\u00f3n total y eficiente de dichas leyes, incluso mediante incentivos legales y capacidades de detenci\u00f3n.<\/div><div class=\"ql-block\" data-block-id=\"block-4e530440-b1fe-45b8-94cf-175dfa91f932\">\u00a0<\/div><div class=\"ql-block\" data-block-id=\"block-6c619efc-4976-487e-a408-47de81e99527\">(a) Cooperar y aplicar eficazmente, seg\u00fan proceda, las sanciones previstas en la secci\u00f3n 243(d) de la INA (8 U.S.C. 1253(d)), con el Secretario de Estado, en la m\u00e1xima medida permitida por la ley, garantizando que los esfuerzos diplom\u00e1ticos y las negociaciones con Estados extranjeros incluyan la aceptaci\u00f3n por parte de \u00e9stos de sus nacionales sujetos a expulsi\u00f3n de Estados Unidos.<\/div><\/li><li><div class=\"ql-block ql-align-center\" data-block-id=\"block-6b58ddd4-c3f5-4ef8-8d25-ddade4640e87\"><a href=\"https:\/\/www.whitehouse.gov\/presidential-actions\/2025\/01\/guaranteeing-the-states-protection-against-invasion\/\" target=\"_blank\" rel=\"noopener\"><strong>GARANTIZAR LA PROTECCI\u00d3N DE LOS ESTADOS CONTRA LAS INVASIONES<\/strong><\/a><\/div><div class=\"ql-block\" data-block-id=\"block-85da5b59-b963-47fe-83a1-5e779700a65d\">&#8220;suspending the physical entry of aliens involved in an invasion into the United States across the southern border until I determine that the invasion has concluded.&#8221;<br \/><br \/>Fuente: <a href=\"https:\/\/www.whitehouse.gov\/\" target=\"_blank\" rel=\"noopener\">Casa Blanca<\/a><\/div><\/li><\/ol>\t\t\t\t\t\t\t\t<\/div>\n\t\t\t\t<\/div>\n\t\t\t\t\t<\/div>\n\t\t\t\t<\/div>\n\t\t\t\t\t<\/div>\n\t\t\t\t<\/div>\n\t\t<div class=\"elementor-element elementor-element-fc7458c e-flex e-con-boxed e-con e-parent\" data-id=\"fc7458c\" data-element_type=\"container\" data-e-type=\"container\" data-settings=\"{&quot;_ha_eqh_enable&quot;:false}\">\n\t\t\t\t\t<div class=\"e-con-inner\">\n\t\t<div class=\"elementor-element elementor-element-b382591 e-flex e-con-boxed e-con e-child\" data-id=\"b382591\" data-element_type=\"container\" data-e-type=\"container\" data-settings=\"{&quot;_ha_eqh_enable&quot;:false}\">\n\t\t\t\t\t<div class=\"e-con-inner\">\n\t\t\t\t<div class=\"elementor-element elementor-element-bf411fa elementor-widget elementor-widget-menu-anchor\" data-id=\"bf411fa\" data-element_type=\"widget\" data-e-type=\"widget\" data-widget_type=\"menu-anchor.default\">\n\t\t\t\t<div class=\"elementor-widget-container\">\n\t\t\t\t\t\t\t<div class=\"elementor-menu-anchor\" id=\"legislative\"><\/div>\n\t\t\t\t\t\t<\/div>\n\t\t\t\t<\/div>\n\t\t\t\t<div class=\"elementor-element elementor-element-f3ed897 elementor-widget elementor-widget-heading\" data-id=\"f3ed897\" data-element_type=\"widget\" data-e-type=\"widget\" data-widget_type=\"heading.default\">\n\t\t\t\t<div class=\"elementor-widget-container\">\n\t\t\t\t\t<h2 class=\"elementor-heading-title elementor-size-default\">Novedades legislativas: Ley Laken Riley<\/h2>\t\t\t\t<\/div>\n\t\t\t\t<\/div>\n\t\t\t\t<div class=\"elementor-element elementor-element-8858b79 elementor-widget elementor-widget-text-editor\" data-id=\"8858b79\" data-element_type=\"widget\" data-e-type=\"widget\" data-widget_type=\"text-editor.default\">\n\t\t\t\t<div class=\"elementor-widget-container\">\n\t\t\t\t\t\t\t\t\t<div class=\"ql-block\" data-block-id=\"block-cc7a0cef-7300-4531-b392-39cd466b81a7\"><div class=\"ql-block\" data-block-id=\"block-c706207c-28f6-415d-bb87-e4f7623bec36\"><div class=\"ql-block\" data-block-id=\"block-0ead2bc9-e815-4dfa-b511-db3623380f77\"><div class=\"ql-block\" data-block-id=\"block-07393bec-89f4-4d52-b9a0-f9b866089b5b\"><p>Paralelamente a estas medidas ejecutivas, el Congreso est\u00e1 estudiando el proyecto de ley 5 del Senado, tambi\u00e9n conocido como Ley Laken Riley. Patrocinado por la senadora Katie Britt, este proyecto de ley incluye disposiciones que:<\/p><ul data-spread=\"false\"><li><p>Ordenar la detenci\u00f3n de ciudadanos no estadounidenses detenidos por determinados delitos, como hurtos o robos con allanamiento de morada, independientemente de su estado de condena.<\/p><\/li><li><p>Conceder a los estados la facultad de demandar al gobierno federal por las decisiones de poner en libertad a los inmigrantes detenidos.<\/p><\/li><\/ul><p>Los cr\u00edticos sostienen que estas medidas podr\u00edan llevar a extralimitaciones y a la detenci\u00f3n innecesaria de personas, especialmente de aquellas que a\u00fan no han sido condenadas por delitos.<\/p><\/div><\/div><\/div><\/div>\t\t\t\t\t\t\t\t<\/div>\n\t\t\t\t<\/div>\n\t\t\t\t\t<\/div>\n\t\t\t\t<\/div>\n\t\t\t\t\t<\/div>\n\t\t\t\t<\/div>\n\t\t<div class=\"elementor-element elementor-element-4992849 e-flex e-con-boxed e-con e-parent\" data-id=\"4992849\" data-element_type=\"container\" data-e-type=\"container\" data-settings=\"{&quot;_ha_eqh_enable&quot;:false}\">\n\t\t\t\t\t<div class=\"e-con-inner\">\n\t\t<div class=\"elementor-element elementor-element-a69e547 e-flex e-con-boxed e-con e-child\" data-id=\"a69e547\" data-element_type=\"container\" data-e-type=\"container\" data-settings=\"{&quot;_ha_eqh_enable&quot;:false}\">\n\t\t\t\t\t<div class=\"e-con-inner\">\n\t\t\t\t<div class=\"elementor-element elementor-element-43066fc elementor-widget elementor-widget-menu-anchor\" data-id=\"43066fc\" data-element_type=\"widget\" data-e-type=\"widget\" data-widget_type=\"menu-anchor.default\">\n\t\t\t\t<div class=\"elementor-widget-container\">\n\t\t\t\t\t\t\t<div class=\"elementor-menu-anchor\" id=\"implications\"><\/div>\n\t\t\t\t\t\t<\/div>\n\t\t\t\t<\/div>\n\t\t\t\t<div class=\"elementor-element elementor-element-b1651cb elementor-widget elementor-widget-heading\" data-id=\"b1651cb\" data-element_type=\"widget\" data-e-type=\"widget\" data-widget_type=\"heading.default\">\n\t\t\t\t<div class=\"elementor-widget-container\">\n\t\t\t\t\t<h2 class=\"elementor-heading-title elementor-size-default\">Implicaciones para los inmigrantes<\/h2>\t\t\t\t<\/div>\n\t\t\t\t<\/div>\n\t\t\t\t<div class=\"elementor-element elementor-element-59331c9 elementor-widget elementor-widget-text-editor\" data-id=\"59331c9\" data-element_type=\"widget\" data-e-type=\"widget\" data-widget_type=\"text-editor.default\">\n\t\t\t\t<div class=\"elementor-widget-container\">\n\t\t\t\t\t\t\t\t\t<div class=\"ql-block\" data-block-id=\"block-cc7a0cef-7300-4531-b392-39cd466b81a7\"><div class=\"ql-block\" data-block-id=\"block-c706207c-28f6-415d-bb87-e4f7623bec36\"><div class=\"ql-block\" data-block-id=\"block-90ca5e39-e0ab-47a8-9bd6-c813e4d47c15\"><div class=\"ql-block\" data-block-id=\"block-afa7c7e0-7e71-4ce0-9018-efadf07f61e7\"><p data-pm-slice=\"1 1 []\">Para las personas que buscan navegar por las complejidades de la ley de inmigraci\u00f3n de EE.UU., el entorno actual subraya la importancia de la asistencia legal proactiva. Ya sea que est\u00e9 solicitando visas de no inmigrante, ajustando su estatus de residencia, o buscando la naturalizaci\u00f3n, consultar con abogados de inmigraci\u00f3n con experiencia es m\u00e1s cr\u00edtico que nunca.<\/p><p>En <a href=\"https:\/\/greencardguys.com\/es\">Green Card Guys Law Group<\/a>Estamos comprometidos a ayudarle a entender sus derechos y explorar las opciones disponibles. Programe una consulta a trav\u00e9s del enlace en la descripci\u00f3n para discutir su caso con nuestro equipo.<\/p><\/div><\/div><\/div><\/div>\t\t\t\t\t\t\t\t<\/div>\n\t\t\t\t<\/div>\n\t\t\t\t\t<\/div>\n\t\t\t\t<\/div>\n\t\t\t\t\t<\/div>\n\t\t\t\t<\/div>\n\t\t<div class=\"elementor-element elementor-element-62ab87e e-flex e-con-boxed e-con e-parent\" data-id=\"62ab87e\" data-element_type=\"container\" data-e-type=\"container\" data-settings=\"{&quot;_ha_eqh_enable&quot;:false}\">\n\t\t\t\t\t<div class=\"e-con-inner\">\n\t\t<div class=\"elementor-element elementor-element-b5d27f5 e-flex e-con-boxed e-con e-child\" data-id=\"b5d27f5\" data-element_type=\"container\" data-e-type=\"container\" data-settings=\"{&quot;_ha_eqh_enable&quot;:false}\">\n\t\t\t\t\t<div class=\"e-con-inner\">\n\t\t\t\t<div class=\"elementor-element elementor-element-adb4b98 elementor-widget elementor-widget-menu-anchor\" data-id=\"adb4b98\" data-element_type=\"widget\" data-e-type=\"widget\" data-widget_type=\"menu-anchor.default\">\n\t\t\t\t<div class=\"elementor-widget-container\">\n\t\t\t\t\t\t\t<div class=\"elementor-menu-anchor\" id=\"conclusion\"><\/div>\n\t\t\t\t\t\t<\/div>\n\t\t\t\t<\/div>\n\t\t\t\t<div class=\"elementor-element elementor-element-16c5b38 elementor-widget elementor-widget-heading\" data-id=\"16c5b38\" data-element_type=\"widget\" data-e-type=\"widget\" data-widget_type=\"heading.default\">\n\t\t\t\t<div class=\"elementor-widget-container\">\n\t\t\t\t\t<h2 class=\"elementor-heading-title elementor-size-default\">Conclusi\u00f3n<\/h2>\t\t\t\t<\/div>\n\t\t\t\t<\/div>\n\t\t\t\t<div class=\"elementor-element elementor-element-a11ea20 elementor-widget elementor-widget-text-editor\" data-id=\"a11ea20\" data-element_type=\"widget\" data-e-type=\"widget\" data-widget_type=\"text-editor.default\">\n\t\t\t\t<div class=\"elementor-widget-container\">\n\t\t\t\t\t\t\t\t\t<div class=\"ql-block\" data-block-id=\"block-cc7a0cef-7300-4531-b392-39cd466b81a7\"><div class=\"ql-block\" data-block-id=\"block-c706207c-28f6-415d-bb87-e4f7623bec36\"><div class=\"ql-block\" data-block-id=\"block-90ca5e39-e0ab-47a8-9bd6-c813e4d47c15\"><div class=\"ql-block\" data-block-id=\"block-afa7c7e0-7e71-4ce0-9018-efadf07f61e7\"><p data-pm-slice=\"1 1 []\">Los r\u00e1pidos y radicales cambios introducidos por la administraci\u00f3n Trump marcan una nueva era en la aplicaci\u00f3n de las leyes de inmigraci\u00f3n. Si bien estas pol\u00edticas tienen como objetivo reforzar la seguridad nacional y redefinir las pr\u00e1cticas de inmigraci\u00f3n de Estados Unidos, tambi\u00e9n plantean preocupaciones sobre la equidad, la legalidad y el impacto humanitario. A medida que se desarrolla la situaci\u00f3n, mantenerse informado y buscar el asesoramiento de expertos ser\u00e1 clave para navegar por este desafiante panorama.<\/p><p><br \/>Para m\u00e1s actualizaciones y an\u00e1lisis, permanezca atento a <a href=\"https:\/\/www.youtube.com\/@GreenCardGuysTV\" target=\"_blank\" rel=\"noopener\">Green Card Guys TV<\/a> y comparte tu opini\u00f3n en los comentarios.<\/p><\/div><\/div><\/div><\/div>\t\t\t\t\t\t\t\t<\/div>\n\t\t\t\t<\/div>\n\t\t\t\t<div class=\"elementor-element elementor-element-ae12c7c elementor-widget elementor-widget-text-editor\" data-id=\"ae12c7c\" data-element_type=\"widget\" data-e-type=\"widget\" data-widget_type=\"text-editor.default\">\n\t\t\t\t<div class=\"elementor-widget-container\">\n\t\t\t\t\t\t\t\t\t<div class=\"ql-block\" data-block-id=\"block-cc7a0cef-7300-4531-b392-39cd466b81a7\"><div class=\"ql-block\" data-block-id=\"block-c706207c-28f6-415d-bb87-e4f7623bec36\"><div class=\"ql-block\" data-block-id=\"block-90ca5e39-e0ab-47a8-9bd6-c813e4d47c15\"><div class=\"ql-block\" data-block-id=\"block-afa7c7e0-7e71-4ce0-9018-efadf07f61e7\"><p data-pm-slice=\"1 1 []\">Fuente de la imagen: El presidente de Estados Unidos, Donald Trump, firma \u00f3rdenes ejecutivas en el Despacho Oval de la Casa Blanca, en Washington, el 20 de enero.\u00a0<span class=\"attribution\">Anna Moneymaker\/Getty Images<\/span><\/p><\/div><\/div><\/div><\/div>\t\t\t\t\t\t\t\t<\/div>\n\t\t\t\t<\/div>\n\t\t\t\t\t<\/div>\n\t\t\t\t<\/div>\n\t\t\t\t\t<\/div>\n\t\t\t\t<\/div>\n\t\t\t\t<section class=\"elementor-section elementor-top-section elementor-element elementor-element-33028cbf elementor-section-boxed elementor-section-height-default elementor-section-height-default\" data-id=\"33028cbf\" data-element_type=\"section\" data-e-type=\"section\" data-settings=\"{&quot;background_background&quot;:&quot;classic&quot;,&quot;_ha_eqh_enable&quot;:false}\">\n\t\t\t\t\t\t<div class=\"elementor-container elementor-column-gap-default\">\n\t\t\t\t\t<div class=\"elementor-column elementor-col-100 elementor-top-column elementor-element elementor-element-126f28ca\" data-id=\"126f28ca\" data-element_type=\"column\" data-e-type=\"column\">\n\t\t\t<div class=\"elementor-widget-wrap elementor-element-populated\">\n\t\t\t\t\t\t<div class=\"elementor-element elementor-element-273993d8 elementor-invisible elementor-widget elementor-widget-heading\" data-id=\"273993d8\" data-element_type=\"widget\" data-e-type=\"widget\" data-settings=\"{&quot;_animation&quot;:&quot;slideInLeft&quot;}\" data-widget_type=\"heading.default\">\n\t\t\t\t<div class=\"elementor-widget-container\">\n\t\t\t\t\t<h4 class=\"elementor-heading-title elementor-size-default\">Descubra la mejor manera de conectarse con Green Card Guys Law Group seg\u00fan sus necesidades y objetivos espec\u00edficos. Elija entre 3 opciones personalizadas para comenzar.<\/h4>\t\t\t\t<\/div>\n\t\t\t\t<\/div>\n\t\t\t\t\t<\/div>\n\t\t<\/div>\n\t\t\t\t\t<\/div>\n\t\t<\/section>\n\t\t<div class=\"elementor-element elementor-element-3019f7de e-con-full e-flex e-con e-child\" data-id=\"3019f7de\" data-element_type=\"container\" data-e-type=\"container\" data-settings=\"{&quot;_ha_eqh_enable&quot;:false}\">\n\t\t\t\t<div class=\"elementor-element elementor-element-7578c972 elementor-widget-mobile__width-initial elementor-widget elementor-widget-heading\" data-id=\"7578c972\" data-element_type=\"widget\" data-e-type=\"widget\" data-widget_type=\"heading.default\">\n\t\t\t\t<div class=\"elementor-widget-container\">\n\t\t\t\t\t<h2 class=\"elementor-heading-title elementor-size-default\">\u00bfQu\u00e9 Hacer Si Te Encuentras en Esta Situaci\u00f3n?<\/h2>\t\t\t\t<\/div>\n\t\t\t\t<\/div>\n\t\t\t\t<div class=\"elementor-element elementor-element-68c826a3 elementor-widget elementor-widget-text-editor\" data-id=\"68c826a3\" data-element_type=\"widget\" data-e-type=\"widget\" data-widget_type=\"text-editor.default\">\n\t\t\t\t<div class=\"elementor-widget-container\">\n\t\t\t\t\t\t\t\t\t<p style=\"text-align: left;\">Descubra la mejor manera de conectarse con Green Card Guys Law Group seg\u00fan sus necesidades y objetivos espec\u00edficos. Elija entre 3 opciones personalizadas para comenzar.<\/p>\t\t\t\t\t\t\t\t<\/div>\n\t\t\t\t<\/div>\n\t\t\t\t<\/div>\n\t\t\t\t<\/div>","protected":false},"excerpt":{"rendered":"<p>President Trump&#8217;s Second Inauguration &#8211; Immigration orders Immigration Policy Update: Key Changes Under the New Administration As of January 20, 2025, President Donald J. Trump has officially begun his second term in office. Within hours of his inauguration, significant changes to immigration policies and leadership structures have been initiated. This article provides an overview of [&hellip;]<\/p>\n","protected":false},"author":7,"featured_media":20283,"comment_status":"closed","ping_status":"closed","sticky":false,"template":"","format":"standard","meta":{"nf_dc_page":"","footnotes":""},"categories":[51],"tags":[16],"class_list":["post-20261","post","type-post","status-publish","format-standard","has-post-thumbnail","hentry","category-announcement","tag-green-card"],"_links":{"self":[{"href":"https:\/\/greencardguys.com\/es\/wp-json\/wp\/v2\/posts\/20261","targetHints":{"allow":["GET"]}}],"collection":[{"href":"https:\/\/greencardguys.com\/es\/wp-json\/wp\/v2\/posts"}],"about":[{"href":"https:\/\/greencardguys.com\/es\/wp-json\/wp\/v2\/types\/post"}],"author":[{"embeddable":true,"href":"https:\/\/greencardguys.com\/es\/wp-json\/wp\/v2\/users\/7"}],"replies":[{"embeddable":true,"href":"https:\/\/greencardguys.com\/es\/wp-json\/wp\/v2\/comments?post=20261"}],"version-history":[{"count":5,"href":"https:\/\/greencardguys.com\/es\/wp-json\/wp\/v2\/posts\/20261\/revisions"}],"predecessor-version":[{"id":25148,"href":"https:\/\/greencardguys.com\/es\/wp-json\/wp\/v2\/posts\/20261\/revisions\/25148"}],"wp:featuredmedia":[{"embeddable":true,"href":"https:\/\/greencardguys.com\/es\/wp-json\/wp\/v2\/media\/20283"}],"wp:attachment":[{"href":"https:\/\/greencardguys.com\/es\/wp-json\/wp\/v2\/media?parent=20261"}],"wp:term":[{"taxonomy":"category","embeddable":true,"href":"https:\/\/greencardguys.com\/es\/wp-json\/wp\/v2\/categories?post=20261"},{"taxonomy":"post_tag","embeddable":true,"href":"https:\/\/greencardguys.com\/es\/wp-json\/wp\/v2\/tags?post=20261"}],"curies":[{"name":"wp","href":"https:\/\/api.w.org\/{rel}","templated":true}]}}